{"id":57864,"date":"2024-12-03T19:57:12","date_gmt":"2024-12-03T19:57:12","guid":{"rendered":"https:\/\/www.humanium.org\/fr\/?p=57864"},"modified":"2026-08-21T03:19:42","modified_gmt":"2026-08-21T03:19:42","slug":"les-taux-de-malnutrition-les-plus-eleves-enregistres-chez-les-enfants-au-pakistan","status":"publish","type":"post","link":"https:\/\/www.humanium.org\/fr\/les-taux-de-malnutrition-les-plus-eleves-enregistres-chez-les-enfants-au-pakistan\/","title":{"rendered":"Les taux de malnutrition les plus \u00e9lev\u00e9s enregistr\u00e9s chez les enfants au Pakistan"},"content":{"rendered":"\n<p class=\"wp-block-paragraph\"><strong>La <a href=\"https:\/\/www.humanium.org\/fr\/alimentation-sous-nutrition-et-malnutrition\/\">malnutrition<\/a> est un probl\u00e8me critique au Pakistan, en particulier chez les enfants (ANII, 2024). Des rapports r\u00e9cents mettent en \u00e9vidence les taux de malnutrition les plus \u00e9lev\u00e9s jamais enregistr\u00e9s dans le pays. La situation est une crise complexe, avec plusieurs facteurs contribuant \u00e0 la malnutrition.\u00a0<\/strong><\/p>\n\n\n\n<h2 class=\"wp-block-heading\"><strong>Malnutrition chez les enfants dans le monde<\/strong><\/h2>\n\n\n\n<p class=\"wp-block-paragraph\">Selon l\u2019Organisation Mondiale de la Sant\u00e9, la malnutrition est d\u00e9finie comme des carences, des exc\u00e8s ou des d\u00e9s\u00e9quilibres dans l\u2019apport \u00e9nerg\u00e9tique et\/ou nutritif d\u2019une personne (OMS, 2024). La malnutrition englobe la d\u00e9nutrition, qui se manifeste par des taux \u00e9lev\u00e9s de retard de croissance, d\u2019\u00e9maciation et d\u2019insuffisance pond\u00e9rale chez les enfants.<\/p>\n\n\n\n<p class=\"wp-block-paragraph\">La malnutrition touche les enfants du monde entier. Une enqu\u00eate internationale men\u00e9e en 2022 a estim\u00e9 que 149 millions d\u2019enfants de moins de 5 ans souffraient d\u2019un retard de croissance (trop petits pour leur \u00e2ge), 45 millions \u00e9taient \u00e9maci\u00e9s (trop minces pour leur taille) et 37 millions \u00e9taient en surpoids ou vivaient avec l\u2019ob\u00e9sit\u00e9. Pr\u00e8s de la moiti\u00e9 des d\u00e9c\u00e8s d\u2019enfants de moins de cinq ans sont li\u00e9s \u00e0 la d\u00e9nutrition.<\/p>\n\n\n\n<p class=\"wp-block-paragraph\">Le <a href=\"https:\/\/www.humanium.org\/fr\/pakistan\/\">Pakistan<\/a> pr\u00e9sente la troisi\u00e8me plus forte proportion d\u2019enfants souffrant d\u2019un retard de croissance au monde. (Ahmed, 2023). Un rapport de l&rsquo;UNICEF 2018-2022 souligne que 38 % des enfants au Pakistan souffrent d&rsquo;un retard de croissance, \u00e9galement appel\u00e9 malnutrition chronique (UNICEF, 2019).<\/p>\n\n\n\n<h2 class=\"wp-block-heading\"><strong>Causes de la malnutrition au Pakistan<\/strong><\/h2>\n\n\n\n<figure class=\"wp-block-image size-large\"><img loading=\"lazy\" decoding=\"async\" width=\"1024\" height=\"680\" src=\"https:\/\/www.humanium.org\/fr\/wp-content\/uploads\/2024\/12\/shutterstock_2350050623-1024x680.jpg\" alt=\"\" class=\"wp-image-57865\" srcset=\"https:\/\/www.humanium.org\/fr\/wp-content\/uploads\/2024\/12\/shutterstock_2350050623-1024x680.jpg 1024w, https:\/\/www.humanium.org\/fr\/wp-content\/uploads\/2024\/12\/shutterstock_2350050623-300x199.jpg 300w, https:\/\/www.humanium.org\/fr\/wp-content\/uploads\/2024\/12\/shutterstock_2350050623-768x510.jpg 768w, https:\/\/www.humanium.org\/fr\/wp-content\/uploads\/2024\/12\/shutterstock_2350050623-1536x1020.jpg 1536w, https:\/\/www.humanium.org\/fr\/wp-content\/uploads\/2024\/12\/shutterstock_2350050623-2048x1360.jpg 2048w, https:\/\/www.humanium.org\/fr\/wp-content\/uploads\/2024\/12\/shutterstock_2350050623-830x551.jpg 830w, https:\/\/www.humanium.org\/fr\/wp-content\/uploads\/2024\/12\/shutterstock_2350050623-230x153.jpg 230w, https:\/\/www.humanium.org\/fr\/wp-content\/uploads\/2024\/12\/shutterstock_2350050623-350x232.jpg 350w, https:\/\/www.humanium.org\/fr\/wp-content\/uploads\/2024\/12\/shutterstock_2350050623-480x319.jpg 480w, https:\/\/www.humanium.org\/fr\/wp-content\/uploads\/2024\/12\/shutterstock_2350050623-272x182.jpg 272w\" sizes=\"auto, (max-width: 1024px) 100vw, 1024px\" \/><\/figure>\n\n\n\n<p class=\"wp-block-paragraph\">Au Pakistan, les taux de malnutrition sont les plus \u00e9lev\u00e9s dans les zones <a href=\"https:\/\/www.humanium.org\/fr\/les-enfants-des-zones-rurales\/\">rurales<\/a> et pauvres, en particulier dans les provinces comme le Sind, le Baloutchistan et le Khyber Pakhtunkhwa. Dans la seule r\u00e9gion du Sind,, plus de 50 % des enfants pr\u00e9sentent un retard de croissance, ce qui met en \u00e9vidence des carences nutritionnelles \u00e0 long terme.<\/p>\n\n\n\n<p class=\"wp-block-paragraph\">Des facteurs tels que <a href=\"https:\/\/www.humanium.org\/fr\/comprendre-droits-enfant\/droit-a-l-alimentation\/\">l&rsquo;ins\u00e9curit\u00e9<\/a> alimentaire, un mauvais assainissement et le manque de soins de sant\u00e9 contribuent au pourcentage \u00e9lev\u00e9 d&rsquo;enfants souffrant de malnutrition au Pakistan. De nombreux m\u00e9nages sont confront\u00e9s \u00e0 des p\u00e9nuries alimentaires et ne peuvent pas se permettre une alimentation \u00e9quilibr\u00e9e. <\/p>\n\n\n\n<p class=\"wp-block-paragraph\">Ces m\u00e9nages disposent souvent de sources <a href=\"https:\/\/www.humanium.org\/fr\/comprendre-droits-enfant\/droit-a-l-eau\/\">d\u2019eau<\/a> contamin\u00e9es et d\u2019un assainissement inad\u00e9quat, ce qui peut entra\u00eener des infections aggravant la malnutrition. L\u2019acc\u00e8s limit\u00e9 ou l\u2019absence de soins de sant\u00e9 exacerbe ces taux de malnutrition.<\/p>\n\n\n\n<p class=\"wp-block-paragraph\">L\u2019\u00e9conomie du Pakistan contribue \u00e9galement \u00e0 l\u2019augmentation de la malnutrition chez les enfants. La crise \u00e9conomique actuelle, l\u2019inflation et la pauvret\u00e9 ont rendu difficile l\u2019acc\u00e8s \u00e0 la nourriture et son prix abordable, entra\u00eenant des carences nutritionnelles chez les enfants. La hausse des prix des aliments de base et le ch\u00f4mage ont contraint les familles \u00e0 r\u00e9duire leur consommation d\u2019aliments nutritifs, au profit d\u2019options moins ch\u00e8res et moins nutritives.<\/p>\n\n\n\n<h2 class=\"wp-block-heading\"><strong>Le r\u00f4le de la nutrition maternelle dans la pr\u00e9vention de la malnutrition infantile<\/strong><\/h2>\n\n\n\n<p class=\"wp-block-paragraph\">Un autre facteur majeur contribuant \u00e0 la malnutrition infantile au Pakistan est le manque de nutrition maternelle (Irfan, 2024). La nutrition maternelle est d\u00e9finie comme les besoins nutritionnels des femmes avant la grossesse, pendant la grossesse et pendant la p\u00e9riode post-partum. Une bonne nutrition maternelle est essentielle pour pr\u00e9venir le retard de croissance et l\u2019\u00e9maciation chez les enfants (UNICEF et gouvernement du Pakistan, 2022).<\/p>\n\n\n\n<p class=\"wp-block-paragraph\">Les enfants de femmes malnutries sont plus susceptibles d\u2019\u00eatre confront\u00e9s \u00e0 des d\u00e9ficiences cognitives, \u00e0 une petite taille, \u00e0 une moindre r\u00e9sistance aux infections et \u00e0 un risque plus \u00e9lev\u00e9 de maladie et de d\u00e9c\u00e8s tout au long de leur vie. Il existe de multiples carences en micronutriments au Pakistan. Environ une m\u00e8re sur trois souffre de malnutrition et environ la moiti\u00e9 de ces m\u00e8res souffrent d\u2019an\u00e9mie dans le pays.<\/p>\n\n\n\n<h2 class=\"wp-block-heading\"><strong>L\u2019impact du changement climatique sur la s\u00e9curit\u00e9 alimentaire au Pakistan<\/strong><\/h2>\n\n\n\n<p class=\"wp-block-paragraph\">Le <a href=\"https:\/\/www.humanium.org\/fr\/changement-climatique\/\">changement climatique<\/a> est un autre facteur qui a un impact sur les taux de malnutrition (Agosti, 2023). Les effets du changement climatique sur l\u2019agriculture et les \u00e9cosyst\u00e8mes exercent une pression sur la production alimentaire et la s\u00e9curit\u00e9 nutritionnelle. L\u2019augmentation de la temp\u00e9rature et les inondations entra\u00eenent une baisse des rendements agricoles, du b\u00e9tail et de l\u2019agroforesterie, ce qui a un impact sur la quantit\u00e9, la qualit\u00e9, la diversit\u00e9, la densit\u00e9 nutritionnelle, la s\u00e9curit\u00e9 et l\u2019accessibilit\u00e9 des aliments (Vermeulen, 2012).&nbsp;<\/p>\n\n\n\n<p class=\"wp-block-paragraph\">Les <a href=\"https:\/\/www.humanium.org\/fr\/focus\/environnement\/urgence-climatique\/\">catastrophes<\/a> li\u00e9es au changement climatique au Pakistan exacerbent les carences nutritionnelles et la d\u00e9nutrition chronique chez les enfants. Par exemple, \u00e0 la suite des <a href=\"https:\/\/www.humanium.org\/fr\/la-condition-desastreuse-des-enfants-du-pakistan-est-affectee-par-des-inondations-historiques\/#:~:text=Pour%20aggraver%20le%20probl%C3%A8me%2C%20environ,vie%20(UNICEF%2C%202022).\">inondations<\/a> d\u2019ao\u00fbt 2022 qui ont submerg\u00e9 un tiers du Pakistan, les \u00e9tablissements de sant\u00e9 ont signal\u00e9 des niveaux alarmants de malnutrition aigu\u00eb s\u00e9v\u00e8re chez les enfants dans les zones touch\u00e9es (UNICEF, 2022). <\/p>\n\n\n\n<p class=\"wp-block-paragraph\">Plus de 15 millions d&rsquo;enfants ont \u00e9t\u00e9 touch\u00e9s par les inondations qui ont d\u00e9truit 9,4 millions d&rsquo;acres de cultures et plus de 1,1 million d&rsquo;animaux de ferme (Toole, 2023). L&rsquo;ann\u00e9e qui a suivi les inondations, le taux de malnutrition infantile a augment\u00e9 de 50 %.<\/p>\n\n\n\n<h2 class=\"wp-block-heading\"><strong>Impacts \u00e0 long terme de la malnutrition chez les enfants<\/strong><\/h2>\n\n\n\n<p class=\"wp-block-paragraph\">La d\u00e9nutrition infantile exerce des effets \u00e0 court terme sur la maladie et la <a href=\"https:\/\/www.humanium.org\/fr\/mortalite-infantile\/\">mortalit\u00e9<\/a> en plus d\u2019avoir de graves cons\u00e9quences sur la sant\u00e9 \u00e0 long terme (Agostoni, 2023). Depuis la grossesse \u2019aux premi\u00e8res ann\u00e9es de la vie, la malnutrition peut entra\u00eener de graves cons\u00e9quences cognitives sur le d\u00e9veloppement du cerveau de l\u2019enfant. <\/p>\n\n\n\n<p class=\"wp-block-paragraph\">La malnutrition peut entra\u00eener une r\u00e9duction de la taille du cerveau et des modifications de sa structure, ce qui peut affecter l\u2019apprentissage, la m\u00e9moire et la vitesse de traitement. Ces impacts \u00e0 long terme influencent les r\u00e9sultats scolaires, le niveau d\u2019alphab\u00e9tisation et les comp\u00e9tences en calcul.&nbsp;<\/p>\n\n\n\n<p class=\"wp-block-paragraph\">La malnutrition compromet encore davantage le fonctionnement immunitaire, rendant les enfants plus vuln\u00e9rables aux infections et aux <a href=\"https:\/\/www.humanium.org\/fr\/enfants-malades\/\">maladies<\/a> telles que la diarrh\u00e9e, la pneumonie et le paludisme. Cette vuln\u00e9rabilit\u00e9 peut persister et augmenter leur risque de probl\u00e8mes de sant\u00e9 graves tout au long de leur vie. <\/p>\n\n\n\n<p class=\"wp-block-paragraph\">Par exemple, la malnutrition infantile peut entra\u00eener un risque plus \u00e9lev\u00e9 de d\u00e9velopper des maladies chroniques \u00e0 l\u2019\u00e2ge adulte, telles que les maladies cardiaques, le diab\u00e8te et l\u2019hypertension art\u00e9rielle. La malnutrition peut \u00e9galement contribuer \u00e0 des taux plus \u00e9lev\u00e9s de probl\u00e8mes de <a href=\"https:\/\/www.humanium.org\/fr\/tspt-chez-les-enfants-et-adolescents\/?fbclid=IwAR3k5lKBMouSnI6FzNkKg-FkjEfmwjcLV2Too4LJCDHiNsCraThBHRYUJSY\">sant\u00e9 mentale<\/a>, notamment l\u2019anxi\u00e9t\u00e9, la d\u00e9pression et les probl\u00e8mes de comportement.<\/p>\n\n\n\n<p class=\"wp-block-paragraph\">Ces implications \u00e0 long terme sur la sant\u00e9 d\u00e9coulant de la malnutrition infantile entra\u00eenent des besoins de soins de sant\u00e9 plus \u00e9lev\u00e9s et des co\u00fbts associ\u00e9s, ce qui peut mettre \u00e0 rude \u00e9preuve les ressources familiales et les syst\u00e8mes de sant\u00e9 publics. L\u2019alt\u00e9ration du potentiel physique et cognitif associ\u00e9e \u00e0 la malnutrition infantile contribue \u00e9galement \u00e0 une vie enti\u00e8re de productivit\u00e9, d\u2019opportunit\u00e9s d\u2019emploi et de capacit\u00e9 de gain r\u00e9duites. Cela se traduit par des pertes \u00e9conomiques substantielles et renforce les cycles de <a href=\"https:\/\/www.humanium.org\/fr\/enfants-pauvres\/\">pauvret\u00e9.<\/a><\/p>\n\n\n\n<h2 class=\"wp-block-heading\"><strong>Interventions et solutions gouvernementales<\/strong><\/h2>\n\n\n\n<p class=\"wp-block-paragraph\">Le gouvernement du Pakistan, aux c\u00f4t\u00e9s d&rsquo;organisations internationales, a lanc\u00e9 plusieurs programmes de nutrition (UNICEF et gouvernement du Pakistan, 2022). Il a \u00e9t\u00e9 d\u00e9montr\u00e9 que les interventions sp\u00e9cifiques \u00e0 la nutrition et les programmes de protection sociale contribuent \u00e0 lutter contre la malnutrition maternelle et infantile.&nbsp;<\/p>\n\n\n\n<p class=\"wp-block-paragraph\">M\u00eame si ces efforts permettent de lutter contre les taux croissants de malnutrition, leur mise en \u0153uvre reste incoh\u00e9rente et la couverture est souvent inad\u00e9quate dans les zones rurales. Malgr\u00e9 les efforts en cours, la crise de malnutrition au Pakistan continue de persister et n\u00e9cessite des interventions soutenues ax\u00e9es sur la s\u00e9curit\u00e9 alimentaire, les soins de sant\u00e9 et la r\u00e9duction de la pauvret\u00e9.<\/p>\n\n\n\n<h2 class=\"wp-block-heading\"><strong>Des mesures suppl\u00e9mentaires sont n\u00e9cessaires<\/strong><\/h2>\n\n\n\n<p class=\"wp-block-paragraph\">Les actions gouvernementales ax\u00e9es sur la malnutrition au Pakistan doivent s\u2019attaquer aux multiples facteurs contribuant \u00e0 la crise (UNICEF et gouvernement du Pakistan, 2022). Ces actions devraient inclure la promotion d\u2019une croissance saine d\u00e8s le d\u00e9but de la vie et d\u2019une alimentation durable et culturellement adapt\u00e9e tout au long de la vie des enfants et des parents (Agostoni, 2023).&nbsp;<\/p>\n\n\n\n<p class=\"wp-block-paragraph\">C\u2019est particuli\u00e8rement important pour les actions en faveur des m\u00e8res. Ces strat\u00e9gies pourraient inclure l\u2019augmentation du financement de l\u2019allaitement maternel et des r\u00e9gimes alimentaires riches en nutriments pour les m\u00e8res et les enfants, la cr\u00e9ation et l\u2019am\u00e9lioration de maternit\u00e9s d\u00e9di\u00e9es pour aider les femmes des zones rurales, l\u2019adoption de meilleures politiques de cong\u00e9 familial et le renforcement des r\u00e9seaux communautaires.<\/p>\n\n\n\n<p class=\"wp-block-paragraph\">L\u2019action gouvernementale devrait \u00e9galement se concentrer sur les mesures d\u2019att\u00e9nuation du changement climatique dans l\u2019agriculture et la production animale, afin de promouvoir la s\u00e9curit\u00e9 alimentaire et nutritionnelle. Le gouvernement peut s\u2019appuyer sur des strat\u00e9gies de conservation dans les domaines de l\u2019agriculture, de l\u2019agroforesterie et de l\u2019agro\u00e9cologie pour inverser la d\u00e9gradation caus\u00e9e par l\u2019agriculture conventionnelle et accro\u00eetre la diversit\u00e9 des cultures.<\/p>\n\n\n\n<h2 class=\"wp-block-heading\"><strong>Garantir la sant\u00e9 et le potentiel futur des enfants au Pakistan<\/strong><\/h2>\n\n\n\n<p class=\"wp-block-paragraph\">Les effets \u00e0 court et \u00e0 long terme de la <a href=\"https:\/\/www.humanium.org\/fr\/comprendre-droits-enfant\/droit-a-l-alimentation\/malnutrition\/\">malnutrition infantile<\/a> ont un impact critique sur le bien-\u00eatre des enfants. La crise de la malnutrition au Pakistan pr\u00e9sente de multiples facettes, affectant la sant\u00e9 et le potentiel des individus ainsi que la productivit\u00e9 soci\u00e9tale et la stabilit\u00e9 \u00e9conomique. Il est crucial d\u2019y rem\u00e9dier d\u00e8s le plus jeune \u00e2ge gr\u00e2ce \u00e0 une nutrition ad\u00e9quate, une \u00e9ducation sanitaire et des syst\u00e8mes de soutien pour briser le cycle et garantir un avenir plus sain et plus productif aux enfants pakistanais.<\/p>\n\n\n\n<figure class=\"wp-block-image size-large\"><img loading=\"lazy\" decoding=\"async\" width=\"1024\" height=\"681\" src=\"https:\/\/www.humanium.org\/fr\/wp-content\/uploads\/2024\/12\/shutterstock_413275582-1024x681.jpg\" alt=\"\" class=\"wp-image-57866\" srcset=\"https:\/\/www.humanium.org\/fr\/wp-content\/uploads\/2024\/12\/shutterstock_413275582-1024x681.jpg 1024w, https:\/\/www.humanium.org\/fr\/wp-content\/uploads\/2024\/12\/shutterstock_413275582-300x200.jpg 300w, https:\/\/www.humanium.org\/fr\/wp-content\/uploads\/2024\/12\/shutterstock_413275582-768x511.jpg 768w, https:\/\/www.humanium.org\/fr\/wp-content\/uploads\/2024\/12\/shutterstock_413275582-1536x1022.jpg 1536w, https:\/\/www.humanium.org\/fr\/wp-content\/uploads\/2024\/12\/shutterstock_413275582-2048x1363.jpg 2048w, https:\/\/www.humanium.org\/fr\/wp-content\/uploads\/2024\/12\/shutterstock_413275582-830x552.jpg 830w, https:\/\/www.humanium.org\/fr\/wp-content\/uploads\/2024\/12\/shutterstock_413275582-230x153.jpg 230w, https:\/\/www.humanium.org\/fr\/wp-content\/uploads\/2024\/12\/shutterstock_413275582-350x233.jpg 350w, https:\/\/www.humanium.org\/fr\/wp-content\/uploads\/2024\/12\/shutterstock_413275582-480x319.jpg 480w, https:\/\/www.humanium.org\/fr\/wp-content\/uploads\/2024\/12\/shutterstock_413275582-272x182.jpg 272w\" sizes=\"auto, (max-width: 1024px) 100vw, 1024px\" \/><\/figure>\n\n\n\n<p class=\"wp-block-paragraph\">Humanium travaille dur pour promouvoir le droit des enfants \u00e0 la nutrition et \u00e0 la sant\u00e9 dans le monde. La m\u00e9thodologie d&rsquo;Humanium a \u00e9t\u00e9 d\u00e9velopp\u00e9e par des d\u00e9fenseurs des droits de l&rsquo;homme et se concentre sur la protection et le soutien des enfants, en leur donnant les moyens d&rsquo;atteindre leurs objectifs au sein de leurs communaut\u00e9s locales. Rejoignez Humanium dans la d\u00e9fense des droits des jeunes \u2013 en faisant un don, en faisant du b\u00e9n\u00e9volat ou en devenant membre.<\/p>\n\n\n\n<p class=\"wp-block-paragraph\"><em><strong>R\u00e9dig\u00e9 par Kathleen Tereposky<\/strong><\/em><\/p>\n\n\n\n<p class=\"wp-block-paragraph\"><em><strong>Traduit par Vandana Koonjal&nbsp;<\/strong><\/em><\/p>\n\n\n\n<p class=\"wp-block-paragraph\"><em><strong>Relu par Arun Hunjan<\/strong><\/em><\/p>\n\n\n\n<h4 class=\"wp-block-heading\"><strong>Bibliographie:<\/strong><\/h4>\n\n\n\n<p class=\"has-small-font-size wp-block-paragraph\">Agostoni, C. et al. (January 13, 2023). Interlinkages between Climate Change and Food Systems: The Impact on Child Malnutrition-Narrative Review. . Retrieved from the National Library of Medicine at <a href=\"https:\/\/pmc.ncbi.nlm.nih.gov\/articles\/PMC9865989\/\" target=\"_blank\" rel=\"noreferrer noopener\">https:\/\/pmc.ncbi.nlm.nih.gov\/articles\/PMC9865989\/<\/a>, accessed on October 15, 2024.<\/p>\n\n\n\n<p class=\"has-small-font-size wp-block-paragraph\">Ahmed, N.&nbsp; et al. (September 20, 2023). Treatment Outcomes of Severe Acute Malnutrition and Its Determinants Among Paediatric Patients in Quetta City, Pakistan. Retrieved from the National Library of Medicine at <a href=\"https:\/\/www.ncbi.nlm.nih.gov\/pmc\/articles\/PMC10518357\/#:~:text=Shifting%20our%20concern%20to%20SAM,deaths%20per%201000%20live%20births.&amp;text=Pakistan%20has%20the%20third%2Dhighest,globally%2C%20behind%20Nigeria%20and%20India\" target=\"_blank\" rel=\"noreferrer noopener\">https:\/\/www.ncbi.nlm.nih.gov\/pmc\/articles\/PMC10518357\/#:~:text=Shifting%20our%20concern%20to%20SAM,deaths%20per%201000%20live%20births.&amp;text=Pakistan%20has%20the%20third%2Dhighest,globally%2C%20behind%20Nigeria%20and%20India<\/a>, accessed on October 5, 2024.<\/p>\n\n\n\n<p class=\"has-small-font-size wp-block-paragraph\">ANI News. (August 16, 2024). Pakistan is facing malnutrition crisis, new report reveals. Retrieved from ANI News at <a href=\"https:\/\/www.aninews.in\/news\/world\/asia\/pakistan-is-facing-malnutrition-crisis-new-report-reveals20240816223147\/\" target=\"_blank\" rel=\"noreferrer noopener\">https:\/\/www.aninews.in\/news\/world\/asia\/pakistan-is-facing-malnutrition-crisis-new-report-reveals20240816223147\/<\/a>, accessed on October 5, 2024.<\/p>\n\n\n\n<p class=\"has-small-font-size wp-block-paragraph\">Brazier, AKM, et al. (November 6, 2020). Micronutrient Status and Dietary Diversity of Women of Reproductive Age in Rural Pakistan. Retrieved from the National Library of Medicine at <a href=\"https:\/\/www.ncbi.nlm.nih.gov\/pmc\/articles\/PMC7694683\/\" target=\"_blank\" rel=\"noreferrer noopener\">https:\/\/www.ncbi.nlm.nih.gov\/pmc\/articles\/PMC7694683\/<\/a>, accessed on October 5, 2024.<\/p>\n\n\n\n<p class=\"has-small-font-size wp-block-paragraph\">Irfan, W. (2024). Malnourished mothers, starving babies: How \u2018hidden hunger\u2019 is endangering Pakistan\u2019s future generations. Retrieved from DAWN at <a href=\"https:\/\/www.dawn.com\/news\/1821416\" target=\"_blank\" rel=\"noreferrer noopener\">https:\/\/www.dawn.com\/news\/1821416<\/a>, accessed on October 5, 2024.&nbsp;<\/p>\n\n\n\n<p class=\"has-small-font-size wp-block-paragraph\">Toole, M. (November 21, 2023). A year after Pakistan\u2019s floods, 44% of children have stunted growth. What can be done about&nbsp;it? Retrieved from The Conversation at <a href=\"https:\/\/theconversation.com\/a-year-after-pakistans-floods-44-of-children-have-stunted-growth-what-can-be-done-about-it-218123\" target=\"_blank\" rel=\"noreferrer noopener\">https:\/\/theconversation.com\/a-year-after-pakistans-floods-44-of-children-have-stunted-growth-what-can-be-done-about-it-218123<\/a>, accessed on October 15, 2024.<\/p>\n\n\n\n<p class=\"has-small-font-size wp-block-paragraph\">UNICEF &amp; Government of Pakistan. (2022). Pakistan Maternal Nutrition Strategy 2022-27. Retrieved from UNICEF at <a href=\"https:\/\/www.unicef.org\/pakistan\/reports\/pakistan-maternal-nutrition-strategy-2022-27\" target=\"_blank\" rel=\"noreferrer noopener\">https:\/\/www.unicef.org\/pakistan\/reports\/pakistan-maternal-nutrition-strategy-2022-27<\/a>, accessed on October 5, 2024.&nbsp;<\/p>\n\n\n\n<p class=\"has-small-font-size wp-block-paragraph\">UNICEF. (2019). Every Child Survives and Thrives \u2013 Nutrition. Retrieved from UNICEF at <a href=\"https:\/\/www.unicef.org\/pakistan\/media\/1771\/file\/Every%20Child%20Survives%20and%20Thrives%20-%20Nutrition.pdf\" target=\"_blank\" rel=\"noreferrer noopener\">https:\/\/www.unicef.org\/pakistan\/media\/1771\/file\/Every%20Child%20Survives%20and%20Thrives%20-%20Nutrition.pdf<\/a>, accessed on October 5, 2024.<\/p>\n\n\n\n<p class=\"has-small-font-size wp-block-paragraph\">UNICEF. (October 21, 2022). More than 1 in 9 children in flood-affected areas of Pakistan suffering from severe acute malnutrition<em>. <\/em>Retrieved from UNICEF at<em> <\/em><a href=\"https:\/\/www.unicef.org\/press-releases\/more-1-9-children-flood-affected-areas-pakistan-suffering-severe-acute-malnutrition\" target=\"_blank\" rel=\"noreferrer noopener\">https:\/\/www.unicef.org\/press-releases\/more-1-9-children-flood-affected-areas-pakistan-suffering-severe-acute-malnutrition<\/a>, accessed on October 15, 2024.<\/p>\n\n\n\n<p class=\"has-small-font-size wp-block-paragraph\">Vermeulen, S.J. et al. (2012). Climate Change and Food Systems. Retrieved from Annual Review of Environment and Resources at <a href=\"https:\/\/www.annualreviews.org\/content\/journals\/10.1146\/annurev-environ-020411-130608#abstract_content\" target=\"_blank\" rel=\"noreferrer noopener\">https:\/\/www.annualreviews.org\/content\/journals\/10.1146\/annurev-environ-020411-130608#abstract_content<\/a>, accessed on October 15, 2024.<\/p>\n\n\n\n<p class=\"has-small-font-size wp-block-paragraph\">World Health Organization (\u201cWHO\u201d). (March 1, 2024). Malnutrition. Retrieved from the World Health Organization at&nbsp; <a href=\"https:\/\/www.who.int\/news-room\/fact-sheets\/detail\/malnutrition\/\" target=\"_blank\" rel=\"noreferrer noopener\">https:\/\/www.who.int\/news-room\/fact-sheets\/detail\/malnutrition\/<\/a>, accessed on October 29, 2024.<\/p>\n","protected":false},"excerpt":{"rendered":"<p>La malnutrition est un probl\u00e8me critique au Pakistan, en particulier chez les enfants (ANII, 2024). Des rapports r\u00e9cents mettent en \u00e9vidence les taux de malnutrition les plus \u00e9lev\u00e9s jamais enregistr\u00e9s dans le pays. La situation est une crise complexe, avec plusieurs facteurs contribuant \u00e0 la malnutrition.\u00a0 Malnutrition chez les enfants dans le monde Selon l\u2019Organisation [&hellip;]<\/p>\n","protected":false},"author":69,"featured_media":57867,"comment_status":"closed","ping_status":"closed","sticky":false,"template":"","format":"standard","meta":{"footnotes":""},"categories":[220,10],"tags":[],"class_list":["post-57864","post","type-post","status-publish","format-standard","has-post-thumbnail","hentry","category-droits-des-enfants","category-sante"],"yoast_head":"<!-- This site is optimized with the Yoast SEO plugin v28.3 - https:\/\/yoast.com\/product\/yoast-seo-wordpress\/ -->\n<title>Les taux de malnutrition les plus \u00e9lev\u00e9s enregistr\u00e9s chez les enfants au Pakistan - Humanium<\/title>\n<meta name=\"description\" content=\"Des rapports r\u00e9cents font \u00e9tat des taux de malnutrition les plus \u00e9lev\u00e9s jamais enregistr\u00e9s au Pakistan.\" \/>\n<meta name=\"robots\" content=\"index, follow, max-snippet:-1, max-image-preview:large, max-video-preview:-1\" \/>\n<link rel=\"canonical\" href=\"https:\/\/www.humanium.org\/fr\/les-taux-de-malnutrition-les-plus-eleves-enregistres-chez-les-enfants-au-pakistan\/\" \/>\n<meta property=\"og:locale\" content=\"fr_FR\" \/>\n<meta property=\"og:type\" content=\"article\" \/>\n<meta property=\"og:title\" content=\"Les taux de malnutrition les plus \u00e9lev\u00e9s enregistr\u00e9s chez les enfants au Pakistan - Humanium\" \/>\n<meta property=\"og:description\" content=\"Des rapports r\u00e9cents font \u00e9tat des taux de malnutrition les plus \u00e9lev\u00e9s jamais enregistr\u00e9s au Pakistan.\" \/>\n<meta property=\"og:url\" content=\"https:\/\/www.humanium.org\/fr\/les-taux-de-malnutrition-les-plus-eleves-enregistres-chez-les-enfants-au-pakistan\/\" \/>\n<meta property=\"og:site_name\" content=\"Humanium\" \/>\n<meta property=\"article:published_time\" content=\"2024-12-03T19:57:12+00:00\" \/>\n<meta property=\"article:modified_time\" content=\"2026-08-21T03:19:42+00:00\" \/>\n<meta property=\"og:image\" content=\"https:\/\/www.humanium.org\/fr\/wp-content\/uploads\/2024\/12\/shutterstock_238080217-scaled.jpg\" \/>\n\t<meta property=\"og:image:width\" content=\"2560\" \/>\n\t<meta property=\"og:image:height\" content=\"1703\" \/>\n\t<meta property=\"og:image:type\" content=\"image\/jpeg\" \/>\n<meta name=\"author\" content=\"Humanium\" \/>\n<meta name=\"twitter:card\" content=\"summary_large_image\" \/>\n<meta name=\"twitter:label1\" content=\"\u00c9crit par\" \/>\n\t<meta name=\"twitter:data1\" content=\"Humanium\" \/>\n\t<meta name=\"twitter:label2\" content=\"Dur\u00e9e de lecture estim\u00e9e\" \/>\n\t<meta name=\"twitter:data2\" content=\"1 minute\" \/>\n<script type=\"application\/ld+json\" class=\"yoast-schema-graph\">{\"@context\":\"https:\\\/\\\/schema.org\",\"@graph\":[{\"@type\":\"Article\",\"@id\":\"https:\\\/\\\/www.humanium.org\\\/fr\\\/les-taux-de-malnutrition-les-plus-eleves-enregistres-chez-les-enfants-au-pakistan\\\/#article\",\"isPartOf\":{\"@id\":\"https:\\\/\\\/www.humanium.org\\\/fr\\\/les-taux-de-malnutrition-les-plus-eleves-enregistres-chez-les-enfants-au-pakistan\\\/\"},\"author\":{\"name\":\"Humanium\",\"@id\":\"https:\\\/\\\/www.humanium.org\\\/fr\\\/#\\\/schema\\\/person\\\/d798d6c7d59ba2307e0877f61a20ce3e\"},\"headline\":\"Les taux de malnutrition les plus \u00e9lev\u00e9s enregistr\u00e9s chez les enfants au Pakistan\",\"datePublished\":\"2024-12-03T19:57:12+00:00\",\"dateModified\":\"2026-08-21T03:19:42+00:00\",\"mainEntityOfPage\":{\"@id\":\"https:\\\/\\\/www.humanium.org\\\/fr\\\/les-taux-de-malnutrition-les-plus-eleves-enregistres-chez-les-enfants-au-pakistan\\\/\"},\"wordCount\":2092,\"image\":{\"@id\":\"https:\\\/\\\/www.humanium.org\\\/fr\\\/les-taux-de-malnutrition-les-plus-eleves-enregistres-chez-les-enfants-au-pakistan\\\/#primaryimage\"},\"thumbnailUrl\":\"https:\\\/\\\/www.humanium.org\\\/fr\\\/wp-content\\\/uploads\\\/2024\\\/12\\\/shutterstock_238080217-scaled.jpg\",\"articleSection\":[\"Droits des enfants\",\"Sant\u00e9\"],\"inLanguage\":\"fr-FR\"},{\"@type\":\"WebPage\",\"@id\":\"https:\\\/\\\/www.humanium.org\\\/fr\\\/les-taux-de-malnutrition-les-plus-eleves-enregistres-chez-les-enfants-au-pakistan\\\/\",\"url\":\"https:\\\/\\\/www.humanium.org\\\/fr\\\/les-taux-de-malnutrition-les-plus-eleves-enregistres-chez-les-enfants-au-pakistan\\\/\",\"name\":\"Les taux de malnutrition les plus \u00e9lev\u00e9s enregistr\u00e9s chez les enfants au Pakistan - Humanium\",\"isPartOf\":{\"@id\":\"https:\\\/\\\/www.humanium.org\\\/fr\\\/#website\"},\"primaryImageOfPage\":{\"@id\":\"https:\\\/\\\/www.humanium.org\\\/fr\\\/les-taux-de-malnutrition-les-plus-eleves-enregistres-chez-les-enfants-au-pakistan\\\/#primaryimage\"},\"image\":{\"@id\":\"https:\\\/\\\/www.humanium.org\\\/fr\\\/les-taux-de-malnutrition-les-plus-eleves-enregistres-chez-les-enfants-au-pakistan\\\/#primaryimage\"},\"thumbnailUrl\":\"https:\\\/\\\/www.humanium.org\\\/fr\\\/wp-content\\\/uploads\\\/2024\\\/12\\\/shutterstock_238080217-scaled.jpg\",\"datePublished\":\"2024-12-03T19:57:12+00:00\",\"dateModified\":\"2026-08-21T03:19:42+00:00\",\"author\":{\"@id\":\"https:\\\/\\\/www.humanium.org\\\/fr\\\/#\\\/schema\\\/person\\\/d798d6c7d59ba2307e0877f61a20ce3e\"},\"description\":\"Des rapports r\u00e9cents font \u00e9tat des taux de malnutrition les plus \u00e9lev\u00e9s jamais enregistr\u00e9s au Pakistan.\",\"breadcrumb\":{\"@id\":\"https:\\\/\\\/www.humanium.org\\\/fr\\\/les-taux-de-malnutrition-les-plus-eleves-enregistres-chez-les-enfants-au-pakistan\\\/#breadcrumb\"},\"inLanguage\":\"fr-FR\",\"potentialAction\":[{\"@type\":\"ReadAction\",\"target\":[\"https:\\\/\\\/www.humanium.org\\\/fr\\\/les-taux-de-malnutrition-les-plus-eleves-enregistres-chez-les-enfants-au-pakistan\\\/\"]}]},{\"@type\":\"ImageObject\",\"inLanguage\":\"fr-FR\",\"@id\":\"https:\\\/\\\/www.humanium.org\\\/fr\\\/les-taux-de-malnutrition-les-plus-eleves-enregistres-chez-les-enfants-au-pakistan\\\/#primaryimage\",\"url\":\"https:\\\/\\\/www.humanium.org\\\/fr\\\/wp-content\\\/uploads\\\/2024\\\/12\\\/shutterstock_238080217-scaled.jpg\",\"contentUrl\":\"https:\\\/\\\/www.humanium.org\\\/fr\\\/wp-content\\\/uploads\\\/2024\\\/12\\\/shutterstock_238080217-scaled.jpg\",\"width\":2560,\"height\":1703},{\"@type\":\"BreadcrumbList\",\"@id\":\"https:\\\/\\\/www.humanium.org\\\/fr\\\/les-taux-de-malnutrition-les-plus-eleves-enregistres-chez-les-enfants-au-pakistan\\\/#breadcrumb\",\"itemListElement\":[{\"@type\":\"ListItem\",\"position\":1,\"name\":\"Home\",\"item\":\"https:\\\/\\\/www.humanium.org\\\/fr\\\/\"},{\"@type\":\"ListItem\",\"position\":2,\"name\":\"Les taux de malnutrition les plus \u00e9lev\u00e9s enregistr\u00e9s chez les enfants au Pakistan\"}]},{\"@type\":\"WebSite\",\"@id\":\"https:\\\/\\\/www.humanium.org\\\/fr\\\/#website\",\"url\":\"https:\\\/\\\/www.humanium.org\\\/fr\\\/\",\"name\":\"Humanium\",\"description\":\"Les enfants d\u2019abord !\",\"potentialAction\":[{\"@type\":\"SearchAction\",\"target\":{\"@type\":\"EntryPoint\",\"urlTemplate\":\"https:\\\/\\\/www.humanium.org\\\/fr\\\/?s={search_term_string}\"},\"query-input\":{\"@type\":\"PropertyValueSpecification\",\"valueRequired\":true,\"valueName\":\"search_term_string\"}}],\"inLanguage\":\"fr-FR\"},{\"@type\":\"Person\",\"@id\":\"https:\\\/\\\/www.humanium.org\\\/fr\\\/#\\\/schema\\\/person\\\/d798d6c7d59ba2307e0877f61a20ce3e\",\"name\":\"Humanium\",\"image\":{\"@type\":\"ImageObject\",\"inLanguage\":\"fr-FR\",\"@id\":\"https:\\\/\\\/secure.gravatar.com\\\/avatar\\\/22715e338d2fcc547e3a431c4738360d33fea2a4af458f865b2c3b22f1eaa51f?s=96&d=mm&r=g\",\"url\":\"https:\\\/\\\/secure.gravatar.com\\\/avatar\\\/22715e338d2fcc547e3a431c4738360d33fea2a4af458f865b2c3b22f1eaa51f?s=96&d=mm&r=g\",\"contentUrl\":\"https:\\\/\\\/secure.gravatar.com\\\/avatar\\\/22715e338d2fcc547e3a431c4738360d33fea2a4af458f865b2c3b22f1eaa51f?s=96&d=mm&r=g\",\"caption\":\"Humanium\"},\"url\":\"https:\\\/\\\/www.humanium.org\\\/fr\\\/author\\\/humanium\\\/\"}]}<\/script>\n<!-- \/ Yoast SEO plugin. -->","yoast_head_json":{"title":"Les taux de malnutrition les plus \u00e9lev\u00e9s enregistr\u00e9s chez les enfants au Pakistan - Humanium","description":"Des rapports r\u00e9cents font \u00e9tat des taux de malnutrition les plus \u00e9lev\u00e9s jamais enregistr\u00e9s au Pakistan.","robots":{"index":"index","follow":"follow","max-snippet":"max-snippet:-1","max-image-preview":"max-image-preview:large","max-video-preview":"max-video-preview:-1"},"canonical":"https:\/\/www.humanium.org\/fr\/les-taux-de-malnutrition-les-plus-eleves-enregistres-chez-les-enfants-au-pakistan\/","og_locale":"fr_FR","og_type":"article","og_title":"Les taux de malnutrition les plus \u00e9lev\u00e9s enregistr\u00e9s chez les enfants au Pakistan - Humanium","og_description":"Des rapports r\u00e9cents font \u00e9tat des taux de malnutrition les plus \u00e9lev\u00e9s jamais enregistr\u00e9s au Pakistan.","og_url":"https:\/\/www.humanium.org\/fr\/les-taux-de-malnutrition-les-plus-eleves-enregistres-chez-les-enfants-au-pakistan\/","og_site_name":"Humanium","article_published_time":"2024-12-03T19:57:12+00:00","article_modified_time":"2026-08-21T03:19:42+00:00","og_image":[{"width":2560,"height":1703,"url":"https:\/\/www.humanium.org\/fr\/wp-content\/uploads\/2024\/12\/shutterstock_238080217-scaled.jpg","type":"image\/jpeg"}],"author":"Humanium","twitter_card":"summary_large_image","twitter_misc":{"\u00c9crit par":"Humanium","Dur\u00e9e de lecture estim\u00e9e":"1 minute"},"schema":{"@context":"https:\/\/schema.org","@graph":[{"@type":"Article","@id":"https:\/\/www.humanium.org\/fr\/les-taux-de-malnutrition-les-plus-eleves-enregistres-chez-les-enfants-au-pakistan\/#article","isPartOf":{"@id":"https:\/\/www.humanium.org\/fr\/les-taux-de-malnutrition-les-plus-eleves-enregistres-chez-les-enfants-au-pakistan\/"},"author":{"name":"Humanium","@id":"https:\/\/www.humanium.org\/fr\/#\/schema\/person\/d798d6c7d59ba2307e0877f61a20ce3e"},"headline":"Les taux de malnutrition les plus \u00e9lev\u00e9s enregistr\u00e9s chez les enfants au Pakistan","datePublished":"2024-12-03T19:57:12+00:00","dateModified":"2026-08-21T03:19:42+00:00","mainEntityOfPage":{"@id":"https:\/\/www.humanium.org\/fr\/les-taux-de-malnutrition-les-plus-eleves-enregistres-chez-les-enfants-au-pakistan\/"},"wordCount":2092,"image":{"@id":"https:\/\/www.humanium.org\/fr\/les-taux-de-malnutrition-les-plus-eleves-enregistres-chez-les-enfants-au-pakistan\/#primaryimage"},"thumbnailUrl":"https:\/\/www.humanium.org\/fr\/wp-content\/uploads\/2024\/12\/shutterstock_238080217-scaled.jpg","articleSection":["Droits des enfants","Sant\u00e9"],"inLanguage":"fr-FR"},{"@type":"WebPage","@id":"https:\/\/www.humanium.org\/fr\/les-taux-de-malnutrition-les-plus-eleves-enregistres-chez-les-enfants-au-pakistan\/","url":"https:\/\/www.humanium.org\/fr\/les-taux-de-malnutrition-les-plus-eleves-enregistres-chez-les-enfants-au-pakistan\/","name":"Les taux de malnutrition les plus \u00e9lev\u00e9s enregistr\u00e9s chez les enfants au Pakistan - Humanium","isPartOf":{"@id":"https:\/\/www.humanium.org\/fr\/#website"},"primaryImageOfPage":{"@id":"https:\/\/www.humanium.org\/fr\/les-taux-de-malnutrition-les-plus-eleves-enregistres-chez-les-enfants-au-pakistan\/#primaryimage"},"image":{"@id":"https:\/\/www.humanium.org\/fr\/les-taux-de-malnutrition-les-plus-eleves-enregistres-chez-les-enfants-au-pakistan\/#primaryimage"},"thumbnailUrl":"https:\/\/www.humanium.org\/fr\/wp-content\/uploads\/2024\/12\/shutterstock_238080217-scaled.jpg","datePublished":"2024-12-03T19:57:12+00:00","dateModified":"2026-08-21T03:19:42+00:00","author":{"@id":"https:\/\/www.humanium.org\/fr\/#\/schema\/person\/d798d6c7d59ba2307e0877f61a20ce3e"},"description":"Des rapports r\u00e9cents font \u00e9tat des taux de malnutrition les plus \u00e9lev\u00e9s jamais enregistr\u00e9s au Pakistan.","breadcrumb":{"@id":"https:\/\/www.humanium.org\/fr\/les-taux-de-malnutrition-les-plus-eleves-enregistres-chez-les-enfants-au-pakistan\/#breadcrumb"},"inLanguage":"fr-FR","potentialAction":[{"@type":"ReadAction","target":["https:\/\/www.humanium.org\/fr\/les-taux-de-malnutrition-les-plus-eleves-enregistres-chez-les-enfants-au-pakistan\/"]}]},{"@type":"ImageObject","inLanguage":"fr-FR","@id":"https:\/\/www.humanium.org\/fr\/les-taux-de-malnutrition-les-plus-eleves-enregistres-chez-les-enfants-au-pakistan\/#primaryimage","url":"https:\/\/www.humanium.org\/fr\/wp-content\/uploads\/2024\/12\/shutterstock_238080217-scaled.jpg","contentUrl":"https:\/\/www.humanium.org\/fr\/wp-content\/uploads\/2024\/12\/shutterstock_238080217-scaled.jpg","width":2560,"height":1703},{"@type":"BreadcrumbList","@id":"https:\/\/www.humanium.org\/fr\/les-taux-de-malnutrition-les-plus-eleves-enregistres-chez-les-enfants-au-pakistan\/#breadcrumb","itemListElement":[{"@type":"ListItem","position":1,"name":"Home","item":"https:\/\/www.humanium.org\/fr\/"},{"@type":"ListItem","position":2,"name":"Les taux de malnutrition les plus \u00e9lev\u00e9s enregistr\u00e9s chez les enfants au Pakistan"}]},{"@type":"WebSite","@id":"https:\/\/www.humanium.org\/fr\/#website","url":"https:\/\/www.humanium.org\/fr\/","name":"Humanium","description":"Les enfants d\u2019abord !","potentialAction":[{"@type":"SearchAction","target":{"@type":"EntryPoint","urlTemplate":"https:\/\/www.humanium.org\/fr\/?s={search_term_string}"},"query-input":{"@type":"PropertyValueSpecification","valueRequired":true,"valueName":"search_term_string"}}],"inLanguage":"fr-FR"},{"@type":"Person","@id":"https:\/\/www.humanium.org\/fr\/#\/schema\/person\/d798d6c7d59ba2307e0877f61a20ce3e","name":"Humanium","image":{"@type":"ImageObject","inLanguage":"fr-FR","@id":"https:\/\/secure.gravatar.com\/avatar\/22715e338d2fcc547e3a431c4738360d33fea2a4af458f865b2c3b22f1eaa51f?s=96&d=mm&r=g","url":"https:\/\/secure.gravatar.com\/avatar\/22715e338d2fcc547e3a431c4738360d33fea2a4af458f865b2c3b22f1eaa51f?s=96&d=mm&r=g","contentUrl":"https:\/\/secure.gravatar.com\/avatar\/22715e338d2fcc547e3a431c4738360d33fea2a4af458f865b2c3b22f1eaa51f?s=96&d=mm&r=g","caption":"Humanium"},"url":"https:\/\/www.humanium.org\/fr\/author\/humanium\/"}]}},"_links":{"self":[{"href":"https:\/\/www.humanium.org\/fr\/wp-json\/wp\/v2\/posts\/57864","targetHints":{"allow":["GET"]}}],"collection":[{"href":"https:\/\/www.humanium.org\/fr\/wp-json\/wp\/v2\/posts"}],"about":[{"href":"https:\/\/www.humanium.org\/fr\/wp-json\/wp\/v2\/types\/post"}],"author":[{"embeddable":true,"href":"https:\/\/www.humanium.org\/fr\/wp-json\/wp\/v2\/users\/69"}],"replies":[{"embeddable":true,"href":"https:\/\/www.humanium.org\/fr\/wp-json\/wp\/v2\/comments?post=57864"}],"version-history":[{"count":8,"href":"https:\/\/www.humanium.org\/fr\/wp-json\/wp\/v2\/posts\/57864\/revisions"}],"predecessor-version":[{"id":62662,"href":"https:\/\/www.humanium.org\/fr\/wp-json\/wp\/v2\/posts\/57864\/revisions\/62662"}],"wp:featuredmedia":[{"embeddable":true,"href":"https:\/\/www.humanium.org\/fr\/wp-json\/wp\/v2\/media\/57867"}],"wp:attachment":[{"href":"https:\/\/www.humanium.org\/fr\/wp-json\/wp\/v2\/media?parent=57864"}],"wp:term":[{"taxonomy":"category","embeddable":true,"href":"https:\/\/www.humanium.org\/fr\/wp-json\/wp\/v2\/categories?post=57864"},{"taxonomy":"post_tag","embeddable":true,"href":"https:\/\/www.humanium.org\/fr\/wp-json\/wp\/v2\/tags?post=57864"}],"curies":[{"name":"wp","href":"https:\/\/api.w.org\/{rel}","templated":true}]}}