{"id":58162,"date":"2025-02-25T19:02:27","date_gmt":"2025-02-25T19:02:27","guid":{"rendered":"https:\/\/www.humanium.org\/fr\/?p=58162"},"modified":"2026-08-21T03:19:43","modified_gmt":"2026-08-21T03:19:43","slug":"observation-generale-n-27-faire-progresser-les-droits-de-lenfant-pour-un-acces-ega-a-la-justice-et-a-des-voies-de-recours-effectives","status":"publish","type":"post","link":"https:\/\/www.humanium.org\/fr\/observation-generale-n-27-faire-progresser-les-droits-de-lenfant-pour-un-acces-ega-a-la-justice-et-a-des-voies-de-recours-effectives\/","title":{"rendered":"Observation g\u00e9n\u00e9rale n\u00b0 27 : Faire progresser les droits de l\u2019enfant pour un acc\u00e8s \u00e0 la justice et \u00e0 des voies de recours effectives"},"content":{"rendered":"\n<p class=\"wp-block-paragraph\"><strong>En janvier 2024, lors de sa 95\u1d49 session, <\/strong><a href=\"https:\/\/www.humanium.org\/fr\/genese-comite-droits-enfant\/\"><strong>le Comit\u00e9 des Nations Unies des droits de l\u2019enfant<\/strong><\/a><strong> d\u00e9cida de r\u00e9diger sa 27\u1d49 Observation g\u00e9n\u00e9rale, une initiative majeure abordant l\u2019un des aspects les plus cruciaux, mais souvent n\u00e9glig\u00e9s, <\/strong><a href=\"https:\/\/www.humanium.org\/fr\/les-droits-de-l-enfant\/\"><strong>des droits de l\u2019enfant <\/strong><\/a><strong>: l\u2019acc\u00e8s \u00e0 <\/strong><a href=\"https:\/\/www.humanium.org\/fr\/quest-ce-la-justice\/\"><strong>la justice <\/strong><\/a><strong>et \u00e0 des recours effectifs. <\/strong><\/p>\n\n\n\n<p class=\"wp-block-paragraph\"><strong>Cette Observation g\u00e9n\u00e9rale marque une \u00e9tape importante pour garantir que les enfants, en particulier ceux en situation de vuln\u00e9rabilit\u00e9, puissent pleinement exercer leurs droits au sein <\/strong><a href=\"https:\/\/www.humanium.org\/fr\/enfants-face-justice\/\"><strong>des syst\u00e8mes juridiques<\/strong><\/a><strong>. Elle vise \u00e0 transformer les syst\u00e8mes de jutice en surmontant les obstacles existants et en promouvant une approche centr\u00e9e sur l\u2019enfant, en garantissant leur dignit\u00e9, leur autonomie et leur acc\u00e8s \u00e9gal aux recours.<\/strong><\/p>\n\n\n\n<h2 class=\"wp-block-heading\"><strong>C\u2019est quoi l\u2019acc\u00e8s \u00e0 la justice ?<\/strong><\/h2>\n\n\n\n<p class=\"wp-block-paragraph\"><a href=\"https:\/\/www.humanium.org\/fr\/enfants-face-justice\/\">L\u2019acc\u00e8s \u00e0 la justice <\/a>est un \u00e9l\u00e9ment fondamental des droits humains et est au c\u0153ur de l\u2019Objectif 16 des Objectifs de d\u00e9veloppement durable des Nations Unies, qui vise \u00e0 promouvoir des soci\u00e9t\u00e9s pacifiques et inclusives et \u00e0 garantir la justice pour tous (Arain, 2024). Pour les enfants, l\u2019acc\u00e8s \u00e0 la justice signifie garantir l\u2019obligation de r\u00e9pondre de ses actes, lutter contre les in\u00e9galit\u00e9s et restaurer les droits qui leur ont \u00e9t\u00e9 refus\u00e9s.<\/p>\n\n\n\n<p class=\"wp-block-paragraph\">Ce concept ne se limite pas aux proc\u00e9dures judiciaires ; il implique la mise en place de syst\u00e8mes adapt\u00e9s aux enfants, qui suppriment les barri\u00e8res juridiques, culturelles ou sociales entravant leur acc\u00e8s \u00e0 la justice. En d\u00e9finitive, assurer la justice aux enfants est \u00e0 la fois une exigence l\u00e9gale et une n\u00e9cessit\u00e9 morale, car la justice pour les enfants est une justice pour tous.<\/p>\n\n\n\n<h2 class=\"wp-block-heading\"><strong>Qu\u2019est-ce que l\u2019Observation g\u00e9n\u00e9rale n\u00b0 27 ?<\/strong><\/h2>\n\n\n\n<p class=\"wp-block-paragraph\">L\u2019Observation g\u00e9n\u00e9rale n\u00b0 27 sur le droit de l\u2019enfant d\u2019acc\u00e9der \u00e0 la justice et \u00e0 des voies de recours effectives fournit des orientations aux <a href=\"https:\/\/www.humanium.org\/fr\/etats-signataires-et-parties\/\">\u00c9tats parties <\/a>\u2014 les pays ayant ratifi\u00e9 <a href=\"https:\/\/www.humanium.org\/fr\/definition\/\">la Convention relative aux droits de l\u2019enfant (CDE)<\/a> \u2014 sur la cr\u00e9ation de syst\u00e8mes de justice inclusifs, adapt\u00e9s aux enfants et efficaces. Elle aborde les obstacles qui emp\u00eachent les enfants, notamment ceux en situation de vuln\u00e9rabilit\u00e9, d\u2019acc\u00e9der \u00e0 la justice et met l\u2019accent sur leur droit \u00e0 participer activement \u00e0 ces syst\u00e8mes de justice (Comit\u00e9 des droits de l\u2019enfant des Nations Unies, 2024).<\/p>\n\n\n\n<h3 class=\"wp-block-heading\"><strong>Objectifs et principes cl\u00e9s<\/strong><\/h3>\n\n\n\n<p class=\"wp-block-paragraph\">L\u2019Observation g\u00e9n\u00e9rale n\u00b0 27 vise \u00e0 rendre les syst\u00e8mes de justice accessibles et efficaces pour les enfants en promouvant <a href=\"https:\/\/www.humanium.org\/fr\/comprendre-droits-enfant\/droit-a-l-education\/\">l\u2019\u00e9ducation<\/a>, le conseil et l\u2019assistance juridique sp\u00e9cialis\u00e9e. Elle souligne la n\u00e9cessit\u00e9 de disposer de ressources, de professionnels form\u00e9s et de m\u00e9canismes de plainte efficaces, en prenant en compte \u00e0 la fois les voies judiciaires (proc\u00e9dures l\u00e9gales formelles) et les voies non judiciaires (modes de justice informelle et restauratrice). De plus, elle met en avant les droits proc\u00e9duraux des enfants, notamment leur capacit\u00e9 juridique, l\u2019acc\u00e8s \u00e0 une aide juridictionnelle gratuite et le droit d\u2019\u00eatre entendus.<\/p>\n\n\n\n<p class=\"wp-block-paragraph\">Elle se centre sur plusieurs principes directeurs :<\/p>\n\n\n\n<ul class=\"wp-block-list\">\n<li><strong>Les enfants sont titulaires de droits<\/strong> ; ils ne sont pas simplement des b\u00e9n\u00e9ficiaires passifs de la protection des adultes.<\/li>\n\n\n\n<li><a href=\"https:\/\/www.humanium.org\/fr\/droit-non-discrimination\/\"><strong>La non-discrimination<\/strong><\/a> garantit que les syst\u00e8mes de justice sont inclusifs et accessibles \u00e0 tous les enfants.<\/li>\n\n\n\n<li><a href=\"https:\/\/www.humanium.org\/fr\/le-principe-de-linteret-superieur-de-lenfant\/\"><strong>L\u2019int\u00e9r\u00eat sup\u00e9rieur de l\u2019enfant<\/strong> <\/a>doit \u00eatre la consid\u00e9ration primordiale dans toutes les d\u00e9cisions qui les concernent.<\/li>\n\n\n\n<li><strong>Les enfants doivent avoir <\/strong><a href=\"https:\/\/www.humanium.org\/fr\/le-principe-dinclusion-et-de-participation\/\"><strong>le droit de participer<\/strong> et d\u2019exprimer librement leurs opinions<\/a> sur toutes les questions les affectant.<\/li>\n\n\n\n<li><strong>Les recours effectifs<\/strong> doivent \u00eatre rapides, accessibles et ex\u00e9cutoires (<strong>Comit\u00e9 des droits de l\u2019enfant des Nations Unies, 2024<\/strong>).<\/li>\n<\/ul>\n\n\n\n<h2 class=\"wp-block-heading\"><strong>Dispositions essentielles de l\u2019Observation g\u00e9n\u00e9rale n\u00b0 27<\/strong><\/h2>\n\n\n\n<h3 class=\"wp-block-heading\"><strong>Assistance juridique et repr\u00e9sentation<\/strong><\/h3>\n\n\n\n<p class=\"wp-block-paragraph\">L\u2019Observation g\u00e9n\u00e9rale n\u00b0 27 insiste sur le droit des enfants \u00e0 une assistance juridique et \u00e0 une repr\u00e9sentation \u00e0 toutes les \u00e9tapes des proc\u00e9dures judiciaires ou administratives. Cela comprend la mise \u00e0 disposition d\u2019informations adapt\u00e9es aux enfants, une aide juridictionnelle accessible et la formation des avocats <a href=\"https:\/\/www.humanium.org\/fr\/comprendre-droits-enfant\/\">aux droits de l\u2019enfant <\/a>et aux approches sensibles (Comit\u00e9 des droits de l\u2019enfant des Nations Unies, 2024).<\/p>\n\n\n\n<h3 class=\"wp-block-heading\"><strong>Protection contre <\/strong><a href=\"https:\/\/www.humanium.org\/fr\/discriminations\/\"><strong>la discrimination<\/strong><\/a><\/h3>\n\n\n\n<p class=\"wp-block-paragraph\">Le document appelle \u00e0 des mesures proactives pour lutter contre les disparit\u00e9s subies par les enfants en situation de vuln\u00e9rabilit\u00e9, notamment ceux <a href=\"https:\/\/www.humanium.org\/fr\/enfants-handicapes\/\">en situation de handicap,<\/a> vivant dans <a href=\"https:\/\/www.humanium.org\/fr\/pauvrete\/\">la pauvret\u00e9<\/a> ou appartenant \u00e0 <a href=\"https:\/\/www.humanium.org\/fr\/enfants-des-minorites\/\">des groupes minoritaires <\/a>(Comit\u00e9 des droits de l\u2019enfant des Nations Unies, 2024). Parmi les actions pr\u00e9conis\u00e9es figurent la cr\u00e9ation de m\u00e9canismes sp\u00e9cialis\u00e9s, la mise en \u0153uvre de programmes de sensibilisation dans les zones d\u00e9favoris\u00e9es et la lutte contre les pr\u00e9jug\u00e9s syst\u00e9miques.<\/p>\n\n\n\n<h3 class=\"wp-block-heading\"><strong>Syst\u00e8mes judiciaires adapt\u00e9s aux enfants<\/strong><\/h3>\n\n\n\n<p class=\"wp-block-paragraph\">L\u2019Observation plaide pour des syst\u00e8mes judiciaires con\u00e7us pour les enfants, notamment en r\u00e9duisant l\u2019intimidation dans les tribunaux, en limitant le risque de retraumatisation et en formant les professionnels \u00e0 une approche respectueuse et adapt\u00e9e aux enfants (Comit\u00e9 des droits de l\u2019enfant des Nations Unies, 2024).<\/p>\n\n\n\n<h2 class=\"wp-block-heading\"><strong>Implications pratiques de l\u2019Observation g\u00e9n\u00e9rale n\u00b0 27<\/strong><\/h2>\n\n\n\n<p class=\"wp-block-paragraph\">Ce document peut inspirer des r\u00e9formes juridiques nationales, comme l\u2019alignement des lois sur les standards internationaux, \u00e0 l\u2019image de la loi sur <a href=\"https:\/\/www.humanium.org\/fr\/justice-juvenile\/\">la justice des mineurs<\/a> en <a href=\"https:\/\/www.humanium.org\/fr\/inde\/\">Inde <\/a>(Malhotra &amp; Malhotra, 2024 ; Pooja &amp; Dixit, 2023). Pour une mise en \u0153uvre efficace, il est essentiel que les gouvernements adoptent des lois et allouent des ressources, que les syst\u00e8mes de justice garantissent la dignit\u00e9 des enfants et que la soci\u00e9t\u00e9 civile sensibilise et apporte son soutien. Enfin, les enfants doivent \u00eatre impliqu\u00e9s dans l\u2019\u00e9laboration des politiques qui les concernent (OCDE, 2023a).<\/p>\n\n\n\n<h2 class=\"wp-block-heading\"><strong>Succ\u00e8s mondiaux en mati\u00e8re de justice adapt\u00e9e aux enfants<\/strong><\/h2>\n\n\n\n<p class=\"wp-block-paragraph\">Plusieurs pays ont fait des efforts significatifs pour adopter des pratiques de justice adapt\u00e9es aux enfants, am\u00e9liorant ainsi leur exp\u00e9rience juridique.<\/p>\n\n\n\n<p class=\"wp-block-paragraph\">Par exemple, <a href=\"https:\/\/www.humanium.org\/fr\/nouvelle-zelande\/\">la Nouvelle-Z\u00e9lande<\/a> est reconnue internationalement pour son syst\u00e8me de justice pour les jeunes, mis en place par l\u2019Oranga Tamariki Act de 1989, qui privil\u00e9gie la r\u00e9habilitation plut\u00f4t que la punition (Watt, 2003). Une caract\u00e9ristique cl\u00e9 de ce syst\u00e8me est l\u2019organisation de conf\u00e9rences familiales, r\u00e9unissant les d\u00e9linquants, les victimes, <a href=\"https:\/\/www.humanium.org\/fr\/famille-droits-enfant\/#:~:text=D%C3%A9finition%20de%20la%20Famille,notamment%20entre%20parents%2Denfants).\">les familles <\/a>et des professionnels afin de collaborer sur des r\u00e9ponses aux infractions des jeunes. Ces conf\u00e9rences permettent souvent d\u2019\u00e9viter les proc\u00e9dures judiciaires formelles (O\u2019Driscoll, n.d.).<\/p>\n\n\n\n<p class=\"wp-block-paragraph\"><a href=\"https:\/\/www.humanium.org\/fr\/islande\/\">L\u2019Islande <\/a>a introduit en 1998 le mod\u00e8le Barnahus, qui cr\u00e9e un environnement adapt\u00e9 aux enfants pour les entretiens m\u00e9dico-l\u00e9gaux et les services d\u2019accompagnement. Ce mod\u00e8le encourage la collaboration entre les forces de l\u2019ordre, les services de protection de l\u2019enfance et les professionnels de la sant\u00e9 (Nordic Welfare Centre, 2024). En 2022, l\u2019Islande a renforc\u00e9 les droits l\u00e9gaux des enfants en leur permettant de contester les d\u00e9cisions de garde, favorisant ainsi leur participation aux affaires juridiques les concernant (Office du Haut-Commissariat des Nations Unies aux droits de l\u2019homme, 2022).<\/p>\n\n\n\n<p class=\"wp-block-paragraph\">De m\u00eame,<a href=\"https:\/\/www.humanium.org\/fr\/lettonie\/\"> la Lettonie <\/a>a adopt\u00e9 le mod\u00e8le Barnahus, \u00e9tablissant un centre collaboratif et adapt\u00e9 aux enfants pour soutenir ceux ayant subi <a href=\"https:\/\/www.humanium.org\/fr\/violences\/\">des violences<\/a> (OCDE, 2023b; Mjell, 2022). Le pays a \u00e9galement mis en place des installations sp\u00e9cialis\u00e9es au sein des tribunaux et des salles d\u2019audition judiciaire afin de minimiser la retraumatisation et d\u2019offrir aux enfants un environnement s\u00fbr et confortable pour t\u00e9moigner (OCDE, 2023b).<\/p>\n\n\n\n<p class=\"wp-block-paragraph\"><a href=\"https:\/\/www.humanium.org\/fr\/turquie\/\">La Turquie <\/a>a pris des mesures importantes en cr\u00e9ant 90 salles d\u2019audition judiciaire dans 70 provinces et 86 tribunaux d\u00e8s 2020, garantissant ainsi un cadre adapt\u00e9 aux enfants et r\u00e9duisant le stress li\u00e9 aux audiences judiciaires (Sheahan, 2021).<\/p>\n\n\n\n<p class=\"wp-block-paragraph\"><a href=\"https:\/\/www.humanium.org\/fr\/belgique\/\">La Belgique <\/a>a d\u00e9velopp\u00e9 un cadre global pour une justice adapt\u00e9e aux enfants, incluant le Tribunal de la Jeunesse, qui traite les affaires impliquant des enfants en tant que suspects, victimes ou t\u00e9moins (European Union, 2013). Ce cadre garantit une repr\u00e9sentation juridique sp\u00e9cialis\u00e9e, avec l\u2019attribution automatique d\u2019avocats sp\u00e9cialis\u00e9s et une aide juridique gratuite (Child Rights International Network, n.d.).<\/p>\n\n\n\n<p class=\"wp-block-paragraph\">Enfin,<a href=\"https:\/\/www.humanium.org\/fr\/ukraine\/\"> l\u2019Ukraine<\/a> a pr\u00e9sent\u00e9 en 2024 son \u00ab\u00a0\u00c9valuation compl\u00e8te du syst\u00e8me de justice adapt\u00e9e aux enfants\u00a0\u00bb, visant \u00e0 analyser <a href=\"https:\/\/www.humanium.org\/fr\/droit-a-la-protection\/\">les protections <\/a>offertes aux enfants impliqu\u00e9s dans des proc\u00e9dures judiciaires, que ce soit en tant que victimes ou t\u00e9moins de crimes, en<a href=\"https:\/\/www.humanium.org\/fr\/enfants-face-justice\/\"> conflit avec la loi <\/a>ou dans le cadre d\u2019affaires civiles et administratives (Conseil de l\u2019Europe, 2024).<\/p>\n\n\n\n<h2 class=\"wp-block-heading\"><strong>D\u00e9fis persistants dans le monde<\/strong><\/h2>\n\n\n\n<p class=\"wp-block-paragraph\">Malgr\u00e9 ces avanc\u00e9es, de nombreux d\u00e9fis subsistent pour garantir un acc\u00e8s \u00e9quitable \u00e0 une justice adapt\u00e9e aux enfants \u00e0 travers le monde.<\/p>\n\n\n\n<p class=\"wp-block-paragraph\"><a href=\"https:\/\/www.humanium.org\/fr\/australie\/\">L\u2019Australie<\/a> continue de faire face aux critiques concernant son \u00e2ge minimum de <a href=\"https:\/\/www.humanium.org\/fr\/justice-juvenile\/\">responsabilit\u00e9 p\u00e9nale<\/a> (MACR), qui reste fix\u00e9 \u00e0 10 ans dans la plupart des \u00c9tats, bien en dessous des normes internationales (Australian Medical Association, 2024; Parlement de Victoria, 2024; Singh, 2023).<\/p>\n\n\n\n<p class=\"wp-block-paragraph\"><a href=\"https:\/\/www.humanium.org\/fr\/grece\/\">En Gr\u00e8ce<\/a>, les enfants migrants sont souvent <a href=\"https:\/\/www.humanium.org\/fr\/enfants-detenus\/\">d\u00e9tenus <\/a>sans acc\u00e8s \u00e0 une repr\u00e9sentation l\u00e9gale (Global Initiative on Justice with Children, n.d.). Les enfants <a href=\"https:\/\/www.humanium.org\/fr\/enfants-deplaces\/\">r\u00e9fugi\u00e9s <\/a>et migrants rencontrent des obstacles syst\u00e9miques majeurs pour acc\u00e9der \u00e0 la justice, notamment des barri\u00e8res linguistiques, un manque de connaissances juridiques, des proc\u00e9dures complexes et des discriminations (Global Initiative on Justice with Children, n.d.; Nowak, 2019; Stubley, 2023).<\/p>\n\n\n\n<figure class=\"wp-block-image size-large\"><img loading=\"lazy\" decoding=\"async\" width=\"1024\" height=\"683\" src=\"https:\/\/www.humanium.org\/fr\/wp-content\/uploads\/2025\/02\/shutterstock_496623757-1024x683.jpg\" alt=\"\" class=\"wp-image-58163\" srcset=\"https:\/\/www.humanium.org\/fr\/wp-content\/uploads\/2025\/02\/shutterstock_496623757-1024x683.jpg 1024w, https:\/\/www.humanium.org\/fr\/wp-content\/uploads\/2025\/02\/shutterstock_496623757-300x200.jpg 300w, https:\/\/www.humanium.org\/fr\/wp-content\/uploads\/2025\/02\/shutterstock_496623757-768x512.jpg 768w, https:\/\/www.humanium.org\/fr\/wp-content\/uploads\/2025\/02\/shutterstock_496623757-1536x1024.jpg 1536w, https:\/\/www.humanium.org\/fr\/wp-content\/uploads\/2025\/02\/shutterstock_496623757-2048x1365.jpg 2048w, https:\/\/www.humanium.org\/fr\/wp-content\/uploads\/2025\/02\/shutterstock_496623757-830x553.jpg 830w, https:\/\/www.humanium.org\/fr\/wp-content\/uploads\/2025\/02\/shutterstock_496623757-230x153.jpg 230w, https:\/\/www.humanium.org\/fr\/wp-content\/uploads\/2025\/02\/shutterstock_496623757-350x233.jpg 350w, https:\/\/www.humanium.org\/fr\/wp-content\/uploads\/2025\/02\/shutterstock_496623757-480x320.jpg 480w, https:\/\/www.humanium.org\/fr\/wp-content\/uploads\/2025\/02\/shutterstock_496623757-272x182.jpg 272w\" sizes=\"auto, (max-width: 1024px) 100vw, 1024px\" \/><\/figure>\n\n\n\n<p class=\"wp-block-paragraph\">Bien que l\u2019\u00c9cosse ait int\u00e9gr\u00e9 <a href=\"https:\/\/www.humanium.org\/fr\/texte-integral-convention-internationale-relative-droits-enfant-1989\/\">la Convention relative aux droits de l\u2019enfant (CDE) <\/a>dans sa l\u00e9gislation nationale, de nombreux enfants et familles peinent encore \u00e0 obtenir une repr\u00e9sentation juridique de base. Cette difficult\u00e9 les emp\u00eache de comprendre pleinement et d\u2019exercer leurs droits (Scottish Child Law Centre, 2024, n.d.).<\/p>\n\n\n\n<blockquote class=\"wp-block-quote is-layout-flow wp-block-quote-is-layout-flow\">\n<p class=\"wp-block-paragraph\">\u00ab\u2009Les enfants et les jeunes doivent savoir qu\u2019ils ont des droits. Ils doivent \u00eatre en mesure de reconna\u00eetre lorsque ces droits sont viol\u00e9s et savoir o\u00f9 aller et quoi faire pour acc\u00e9der \u00e0 la justice.\u2009\u00bb<\/p>\n<cite>&#8211;  Juliet Harris, Directrice de Together, l\u2019Alliance \u00e9cossaise pour les droits des enfants (Scottish Child Law Centre, n.d., p. 5).<\/cite><\/blockquote>\n\n\n\n<h2 class=\"wp-block-heading\"><strong>Garantir un acc\u00e8s \u00e0 la justice pour tous les enfants<\/strong><\/h2>\n\n\n\n<p class=\"wp-block-paragraph\">Assurer un acc\u00e8s \u00e0 la justice pour tous les enfants exige une action collective de la part des gouvernements, des organisations de la soci\u00e9t\u00e9 civile, des professionnels du droit et des communaut\u00e9s. Un engagement partag\u00e9 est n\u00e9cessaire pour \u00e9liminer les in\u00e9galit\u00e9s structurelles, investir dans des cadres juridiques adapt\u00e9s aux enfants et promouvoir la sensibilisation aux droits de l\u2019enfant.<\/p>\n\n\n\n<blockquote class=\"wp-block-quote is-layout-flow wp-block-quote-is-layout-flow\">\n<p class=\"wp-block-paragraph\">\u00ab\u2009La privation de libert\u00e9 des enfants peut et doit \u00eatre \u00e9vit\u00e9e. Il ne s\u2019agit pas seulement de la responsabilit\u00e9 des \u00c9tats membres, mais de celle de l\u2019ensemble de la soci\u00e9t\u00e9.\u2009\u00bb<\/p>\n<cite>&#8211; Najat Maalla M\u2019jid, Repr\u00e9sentante sp\u00e9ciale du Secr\u00e9taire g\u00e9n\u00e9ral de l\u2019ONU sur la violence contre les enfants (Nowak, 2019, p. viii).<\/cite><\/blockquote>\n\n\n\n<p class=\"wp-block-paragraph\">Cette responsabilit\u00e9 collective est \u00e9galement soulign\u00e9e par les paroles puissantes de Nelson Mandela : \u00ab\u2009On ne peut pas mieux juger de l\u2019\u00e2me d\u2019une soci\u00e9t\u00e9 qu\u2019en regardant comment elle traite ses enfants.\u2009\u00bb<\/p>\n\n\n\n<p class=\"wp-block-paragraph\">Ces mots nous rappellent l\u2019urgence d\u2019agir pour garantir que chaque enfant, quelle que soit son origine ou sa situation, puisse acc\u00e9der \u00e0 la justice. En prenant des mesures d\u00e8s maintenant\u2014par le biais du plaidoyer, des r\u00e9formes politiques ou d\u2019une implication directe\u2014nous pouvons construire un monde o\u00f9 la justice est accessible \u00e0 tous les enfants.<\/p>\n\n\n\n<figure class=\"wp-block-image size-large\"><img loading=\"lazy\" decoding=\"async\" width=\"1024\" height=\"683\" src=\"https:\/\/www.humanium.org\/fr\/wp-content\/uploads\/2025\/02\/shutterstock_1184816926-1024x683.jpg\" alt=\"\" class=\"wp-image-58164\" srcset=\"https:\/\/www.humanium.org\/fr\/wp-content\/uploads\/2025\/02\/shutterstock_1184816926-1024x683.jpg 1024w, https:\/\/www.humanium.org\/fr\/wp-content\/uploads\/2025\/02\/shutterstock_1184816926-300x200.jpg 300w, https:\/\/www.humanium.org\/fr\/wp-content\/uploads\/2025\/02\/shutterstock_1184816926-768x512.jpg 768w, https:\/\/www.humanium.org\/fr\/wp-content\/uploads\/2025\/02\/shutterstock_1184816926-1536x1024.jpg 1536w, https:\/\/www.humanium.org\/fr\/wp-content\/uploads\/2025\/02\/shutterstock_1184816926-2048x1366.jpg 2048w, https:\/\/www.humanium.org\/fr\/wp-content\/uploads\/2025\/02\/shutterstock_1184816926-830x553.jpg 830w, https:\/\/www.humanium.org\/fr\/wp-content\/uploads\/2025\/02\/shutterstock_1184816926-230x153.jpg 230w, https:\/\/www.humanium.org\/fr\/wp-content\/uploads\/2025\/02\/shutterstock_1184816926-350x233.jpg 350w, https:\/\/www.humanium.org\/fr\/wp-content\/uploads\/2025\/02\/shutterstock_1184816926-480x320.jpg 480w, https:\/\/www.humanium.org\/fr\/wp-content\/uploads\/2025\/02\/shutterstock_1184816926-272x182.jpg 272w\" sizes=\"auto, (max-width: 1024px) 100vw, 1024px\" \/><\/figure>\n\n\n\n<p class=\"wp-block-paragraph\">Chez <a href=\"https:\/\/www.humanium.org\/fr\/qui-sommes-nous\/\">Humanium<\/a>, nous nous engageons \u00e0 promouvoir une justice adapt\u00e9e aux enfants et \u00e0 les aider \u00e0 d\u00e9fendre leurs droits. Gr\u00e2ce \u00e0 notre<a href=\"https:\/\/www.humanium.org\/fr\/helpline\/\"> Ligne d\u2019assistance juridique<\/a>, nous offrons conseils et soutien aux enfants confront\u00e9s \u00e0 des d\u00e9fis juridiques. Rejoignez notre mission\u2014que ce soit en faisant du b\u00e9n\u00e9volat, un don ou en devenant membre, vous pouvez faire une r\u00e9elle diff\u00e9rence dans la vie d\u2019un enfant !<\/p>\n\n\n\n<p class=\"wp-block-paragraph\"><em><strong>Ecrit par Or Salama<\/strong><\/em><\/p>\n\n\n\n<p class=\"wp-block-paragraph\"><em><strong>Traduit par Arun Hunjan<\/strong><\/em><\/p>\n\n\n\n<p class=\"wp-block-paragraph\"><em><strong>Relu par Jean-Christophe Brunet<\/strong><\/em><\/p>\n\n\n\n<h4 class=\"wp-block-heading\"><strong>R\u00e9f\u00e9rences:&nbsp;<\/strong><\/h4>\n\n\n\n<p class=\"has-small-font-size wp-block-paragraph\">Arain, S. (2024, November 30). Empowering the voice of children: Understanding the right of children to access justice and effective remedies. Retrieved from ASA International Law at&nbsp;<a href=\"https:\/\/www.asainternationallaw.nl\/post\/empowering-the-voice-of-children-understanding-the-right-of-children-to-access-justice-and-effectiv\" target=\"_blank\" rel=\"noreferrer noopener\">https:\/\/www.asainternationallaw.nl\/post\/empowering-the-voice-of-children-understanding-the-right-of-children-to-access-justice-and-effectiv<\/a>, accessed on January 15, 2025.&nbsp;<\/p>\n\n\n\n<p class=\"has-small-font-size wp-block-paragraph\">Australian Medical Association. (2024, August 23). Recommendation to raise minimum age of criminal responsibility welcomed. Retrieved from Australian Medical Association at <a href=\"https:\/\/www.ama.com.au\/media\/recommendation-raise-minimum-age-criminal-responsibility-welcomed\" target=\"_blank\" rel=\"noreferrer noopener\">https:\/\/www.ama.com.au\/media\/recommendation-raise-minimum-age-criminal-responsibility-welcomed<\/a>, accessed on January 11, 2025.<\/p>\n\n\n\n<p class=\"has-small-font-size wp-block-paragraph\">Child Rights International Network. (n.d.). Belgium: Access to justice for children. Retrieved from Child Rights International Network at&nbsp;<a href=\"https:\/\/archive.crin.org\/en\/library\/publications\/belgium-access-justice-children.html\" target=\"_blank\" rel=\"noreferrer noopener\">https:\/\/archive.crin.org\/en\/library\/publications\/belgium-access-justice-children.html<\/a>, accessed on January 11, 2025.<\/p>\n\n\n\n<p class=\"has-small-font-size wp-block-paragraph\">Council of Europe. (2024, April 8). Council of Europe launches the first \u201cComprehensive Assessment of Child-Friendly Justice System in Ukraine.\u201d&nbsp;Retrieved from the Council of Europe at <a href=\"https:\/\/www.coe.int\/en\/web\/kyiv\/-\/council-of-europe-launches-the-first-%C2%ABcomprehensive-assessment-of-child-friendly-justice-system-in-ukraine%C2%BB\" target=\"_blank\" rel=\"noreferrer noopener\">https:\/\/www.coe.int\/en\/web\/kyiv\/-\/council-of-europe-launches-the-first-%C2%ABcomprehensive-assessment-of-child-friendly-justice-system-in-ukraine%C2%BB<\/a>, accessed on January 11, 2025.<\/p>\n\n\n\n<p class=\"has-small-font-size wp-block-paragraph\">European Union. (2013, June). Study on children\u2019s involvement in judicial proceedings \u2013 contextual overview for the criminal justice phase \u2013 Belgium. Retrieved from the European Union at&nbsp;<a href=\"https:\/\/data.europa.eu\/euodp\/repository\/ec\/dg-justi\/criminal-justice\/contextual-overviews\/Belgium.pdf\" target=\"_blank\" rel=\"noreferrer noopener\">https:\/\/data.europa.eu\/euodp\/repository\/ec\/dg-justi\/criminal-justice\/contextual-overviews\/Belgium.pdf<\/a>, accessed on January 11, 2025.<\/p>\n\n\n\n<p class=\"has-small-font-size wp-block-paragraph\">Global Initiative on Justice with Children. (n.d.). Discrimination experienced by children and young people affected by migration, including refugees, unaccompanied foreign children, and children of foreign parents. Retrieved from Global Initiative on Justice with Children at&nbsp;<a href=\"https:\/\/justicewithchildren.org\/en\/discrimination-experienced-children-and-young-people-affected-migration-including-refugees\" target=\"_blank\" rel=\"noreferrer noopener\">https:\/\/justicewithchildren.org\/en\/discrimination-experienced-children-and-young-people-affected-migration-including-refugees<\/a>, accessed on January 13, 2025.<\/p>\n\n\n\n<p class=\"has-small-font-size wp-block-paragraph\">Malhotra, A., &amp; Malhotra, A. (2024, November 13). Enhancing access to justice for children in India. Retrieved from Anil Malhotra at&nbsp;<a href=\"https:\/\/www.anilmalhotra.co.in\/post\/enhancing-access-to-justice-for-children-in-india-by-anil-and-ankit-malhotra\" target=\"_blank\" rel=\"noreferrer noopener\">https:\/\/www.anilmalhotra.co.in\/post\/enhancing-access-to-justice-for-children-in-india-by-anil-and-ankit-malhotra<\/a>, accessed on January 19, 2025.<\/p>\n\n\n\n<p class=\"has-small-font-size wp-block-paragraph\">Mjell, F. (2022, April 11). Together against child abuse \u2013 the Latvian Barnahus. Retrieved from EEA Grants at&nbsp;<a href=\"https:\/\/eeagrants.org\/news\/together-against-child-abuse-latvian-barnahus\" target=\"_blank\" rel=\"noreferrer noopener\">https:\/\/eeagrants.org\/news\/together-against-child-abuse-latvian-barnahus<\/a>, accessed on January 7, 2025.<\/p>\n\n\n\n<p class=\"has-small-font-size wp-block-paragraph\">Nordic Welfare Centre. (2024, May 22). The Nordic Barnahus model examined in new book. Retrieved from Nordic Welfare Centre at <a href=\"https:\/\/nordicwelfare.org\/en\/nyheter\/the-nordic-barnahus-model-examined-in-new-book\/\" target=\"_blank\" rel=\"noreferrer noopener\">https:\/\/nordicwelfare.org\/en\/nyheter\/the-nordic-barnahus-model-examined-in-new-book\/<\/a>, accessed on January 7, 2025.<\/p>\n\n\n\n<p class=\"has-small-font-size wp-block-paragraph\">Nowak, M. (2019, November). The United Nations Global Study on Children Deprived of Liberty.&nbsp;Retrieved from the Centre for Human Rights, University of Pretoria at <a href=\"https:\/\/www.chr.up.ac.za\/images\/publications\/UN_Global_Study\/United%20Nations%20Global%20Study%20on%20Children%20Deprived%20of%20Liberty%202019.pdf\">https:\/\/www.chr.up.ac.za\/<\/a><a href=\"https:\/\/www.chr.up.ac.za\/images\/publications\/UN_Global_Study\/United%20Nations%20Global%20Study%20on%20Children%20Deprived%20of%20Liberty%202019.pdf\" target=\"_blank\" rel=\"noreferrer noopener\">images\/publications\/UN_Global_Study\/United%20Nations%20Global%20Study%20on%20Children%20Deprived%20of%20Liberty%202019.pdf<\/a>, accessed on January 9, 2025.<\/p>\n\n\n\n<p class=\"has-small-font-size wp-block-paragraph\">O\u2019Driscoll, D. (n.d.). Youth justice in New Zealand: A restorative justice approach to reduce youth offending.&nbsp;Retrieved from the United Nations Asia and Far East Institute for the Prevention of Crime and the Treatment of Offenders (UNAFEI)&nbsp; at <a href=\"https:\/\/www.unafei.or.jp\/publications\/pdf\/RS_No75\/No75_10VE_O'Driscoll.pdf\" target=\"_blank\" rel=\"noreferrer noopener\">https:\/\/www.unafei.or.jp\/publications\/pdf\/RS_No75\/No75_10VE_O&rsquo;Driscoll.pdf<\/a>, accessed on January 11, 2025.<\/p>\n\n\n\n<p class=\"has-small-font-size wp-block-paragraph\">OECD. (2023a). OECD Child-Friendly Justice Framework. Retrieved from OECD at <a href=\"https:\/\/www.oecd.org\/content\/dam\/oecd\/en\/publications\/reports\/2023\/11\/oecd-child-friendly-justice-framework_40b81cd7\/6a60970e-en.pdf\" target=\"_blank\" rel=\"noreferrer noopener\">https:\/\/www.oecd.org\/content\/dam\/oecd\/en\/publications\/reports\/2023\/11\/oecd-child-friendly-justice-framework_40b81cd7\/6a60970e-en.pdf<\/a>, accessed on January 11, 2025.<\/p>\n\n\n\n<p class=\"has-small-font-size wp-block-paragraph\">OECD. (2023b, April 13). Towards a Child-friendly Justice System in Latvia. Retrieved from OECD Publishing at <a href=\"https:\/\/www.oecd.org\/en\/publications\/towards-a-child-friendly-justice-system-in-latvia_83ab7bf5-en.html\" target=\"_blank\" rel=\"noreferrer noopener\">https:\/\/www.oecd.org\/en\/publications\/towards-a-child-friendly-justice-system-in-latvia_83ab7bf5-en.html<\/a>, accessed on January 11, 2025.<\/p>\n\n\n\n<p class=\"has-small-font-size wp-block-paragraph\">Office of the United Nations High Commissioner for Human Rights (OHCHR). (2022, May 5). Experts of the Committee on the Rights of the Child praise Iceland for allowing children to challenge custody cases, ask about violence against children and waiting lists for mental health treatment. Retrieved from the OHCHR at <a href=\"https:\/\/www.ohchr.org\/en\/press-releases\/2022\/05\/experts-committee-rights-child-praise-iceland-allowing-children-challenge\" target=\"_blank\" rel=\"noreferrer noopener\">https:\/\/www.ohchr.org\/en\/press-releases\/2022\/05\/experts-committee-rights-child-praise-iceland-allowing-children-challenge<\/a>, accessed on January 6, 2025.<\/p>\n\n\n\n<p class=\"has-small-font-size wp-block-paragraph\">Parliament of Victoria. (2024, August 8). Parliament debates raising age of criminal responsibility. Retrieved from Parliament of Victoria at <a href=\"https:\/\/www.parliament.vic.gov.au\/news\/justice\/criminal-responsibility\/\" target=\"_blank\" rel=\"noreferrer noopener\">https:\/\/www.parliament.vic.gov.au\/news\/justice\/criminal-responsibility\/<\/a>, accessed on January 12, 2025.<\/p>\n\n\n\n<p class=\"has-small-font-size wp-block-paragraph\">Pooja, &amp; Dixit, A. (2023). The evolving landscape of juvenile justice: A comprehensive examination of policies, practices, and reform initiatives. Retrieved from International Journal for Multidisciplinary Research (IJFMR) at <a href=\"https:\/\/www.ijfmr.com\/papers\/2023\/6\/10885.pdf\" target=\"_blank\" rel=\"noreferrer noopener\">https:\/\/www.ijfmr.com\/papers\/2023\/6\/10885.pdf<\/a>, accessed on January 14, 2025.&nbsp;<\/p>\n\n\n\n<p class=\"has-small-font-size wp-block-paragraph\">Scottish Child Law Centre. (2024, June 21). Do children in Scotland have access to justice? Retrieved from Scottish Child Law Centre at <a href=\"https:\/\/sclc.org.uk\/do-children-in-scotland-have-access-to-justice\/\" target=\"_blank\" rel=\"noreferrer noopener\">https:\/\/sclc.org.uk\/do-children-in-scotland-have-access-to-justice\/<\/a>, accessed on January 11, 2025.<\/p>\n\n\n\n<p class=\"has-small-font-size wp-block-paragraph\">Scottish Child Law Centre. (n.d.). Report: Access to justice. How do we ensure that children\u2019s rights are realised? Retrieved from Scottish Child Law Centre at <a href=\"https:\/\/sclc.org.uk\/wp-content\/uploads\/2024\/10\/ATJ-Report.pdf\" target=\"_blank\" rel=\"noreferrer noopener\">https:\/\/sclc.org.uk\/wp-content\/uploads\/2024\/10\/ATJ-Report.pdf<\/a>, accessed on January 11, 2025.<\/p>\n\n\n\n<p class=\"has-small-font-size wp-block-paragraph\">Sheahan, F. (2021). Child-friendly courthouses in Turkey: Guidance on international and regional law, standards and implementation. Retrieved from the United Nations Children\u2019s Fund (UNICEF) at <a href=\"https:\/\/www.unicef.org\/turkiye\/media\/12836\/file\/CHILD-FRIENDLY%20COURTHOUSES%20IN%20TURKEY.pdf\" target=\"_blank\" rel=\"noreferrer noopener\">https:\/\/www.unicef.org\/turkiye\/media\/12836\/file\/CHILD-FRIENDLY%20COURTHOUSES%20IN%20TURKEY.pdf<\/a>, accessed on January 11, 2025.<\/p>\n\n\n\n<p class=\"has-small-font-size wp-block-paragraph\">Singh, S. (2023, January 17). Old enough to offend but not to buy a hamster: the argument for raising the minimum age of criminal responsibility. Retrieved from National Library of Medicine at <a href=\"https:\/\/pmc.ncbi.nlm.nih.gov\/articles\/PMC9848384\/\" target=\"_blank\" rel=\"noreferrer noopener\">https:\/\/pmc.ncbi.nlm.nih.gov\/articles\/PMC9848384\/<\/a>, accessed on January 15, 2025.&nbsp;<\/p>\n\n\n\n<p class=\"has-small-font-size wp-block-paragraph\">Stubley, E. (2023, March 27). Access to justice: A continuing issue for refugees. Retrieved from BizGuees at <a href=\"https:\/\/www.bizgees.org\/eleanor-stubley\/access-to-justice-a-continuing-issue-for-refugees\">https:\/\/www.<\/a><a href=\"https:\/\/www.bizgees.org\/eleanor-stubley\/access-to-justice-a-continuing-issue-for-refugees\" target=\"_blank\" rel=\"noreferrer noopener\">bizgees.org\/eleanor-stubley\/access-to-justice-a-continuing-issue-for-refugees<\/a>, accessed on January 11, 2025.<\/p>\n\n\n\n<p class=\"has-small-font-size wp-block-paragraph\">United Nations Committee on the Rights of the Child. (2024). Concept Note: General Comment on Children\u2019s Rights to Access to Justice and Effective Remedies.&nbsp;Retrieved from the OHCHR at <a href=\"https:\/\/www.ohchr.org\/sites\/default\/files\/documents\/hrbodies\/crc\/gcomments\/gc27\/gc27-concept-note.pdf\" target=\"_blank\" rel=\"noreferrer noopener\">https:\/\/www.ohchr.org\/sites\/default\/files\/documents\/hrbodies\/crc\/gcomments\/gc27\/gc27-concept-note.pdf<\/a>, accessed on January 7, 2025.<\/p>\n\n\n\n<p class=\"has-small-font-size wp-block-paragraph\">Watt, E. (2003). A history of youth justice in New Zealand. Retrieved from Abuse in Care at https:\/\/www.abuseincare.org.nz\/assets\/Evidence-library\/Part-7\/Watt-E-A-history-of-youth-justice-in-New-Zealand-research-paper-commissioned-by-the-Principal-Youth-Court-Judge-2003-2.pdf, accessed on January 6, 2025.<\/p>\n","protected":false},"excerpt":{"rendered":"<p>En janvier 2024, lors de sa 95\u1d49 session, le Comit\u00e9 des Nations Unies des droits de l\u2019enfant d\u00e9cida de r\u00e9diger sa 27\u1d49 Observation g\u00e9n\u00e9rale, une initiative majeure abordant l\u2019un des aspects les plus cruciaux, mais souvent n\u00e9glig\u00e9s, des droits de l\u2019enfant : l\u2019acc\u00e8s \u00e0 la justice et \u00e0 des recours effectifs. Cette Observation g\u00e9n\u00e9rale marque [&hellip;]<\/p>\n","protected":false},"author":69,"featured_media":58166,"comment_status":"closed","ping_status":"closed","sticky":false,"template":"","format":"standard","meta":{"footnotes":""},"categories":[220,4],"tags":[],"class_list":["post-58162","post","type-post","status-publish","format-standard","has-post-thumbnail","hentry","category-droits-des-enfants","category-droits-humains"],"yoast_head":"<!-- This site is optimized with the Yoast SEO plugin v28.3 - https:\/\/yoast.com\/product\/yoast-seo-wordpress\/ -->\n<title>Observation g\u00e9n\u00e9rale n\u00b0 27 : Faire progresser les droits de l\u2019enfant pour un acc\u00e8s \u00e0 la justice et \u00e0 des voies de recours effectives - Humanium<\/title>\n<meta name=\"description\" content=\"Le mois de janvier 2024 a \u00e9t\u00e9 marqu\u00e9 par une initiative historique sur l&#039;acc\u00e8s des enfants \u00e0 la justice et \u00e0 des voies de recours efficaces.\" \/>\n<meta name=\"robots\" content=\"index, follow, max-snippet:-1, max-image-preview:large, max-video-preview:-1\" \/>\n<link rel=\"canonical\" href=\"https:\/\/www.humanium.org\/fr\/observation-generale-n-27-faire-progresser-les-droits-de-lenfant-pour-un-acces-ega-a-la-justice-et-a-des-voies-de-recours-effectives\/\" \/>\n<meta property=\"og:locale\" content=\"fr_FR\" \/>\n<meta property=\"og:type\" content=\"article\" \/>\n<meta property=\"og:title\" content=\"Observation g\u00e9n\u00e9rale n\u00b0 27 : Faire progresser les droits de l\u2019enfant pour un acc\u00e8s \u00e0 la justice et \u00e0 des voies de recours effectives - Humanium\" \/>\n<meta property=\"og:description\" content=\"Le mois de janvier 2024 a \u00e9t\u00e9 marqu\u00e9 par une initiative historique sur l&#039;acc\u00e8s des enfants \u00e0 la justice et \u00e0 des voies de recours efficaces.\" \/>\n<meta property=\"og:url\" content=\"https:\/\/www.humanium.org\/fr\/observation-generale-n-27-faire-progresser-les-droits-de-lenfant-pour-un-acces-ega-a-la-justice-et-a-des-voies-de-recours-effectives\/\" \/>\n<meta property=\"og:site_name\" content=\"Humanium\" \/>\n<meta property=\"article:published_time\" content=\"2025-02-25T19:02:27+00:00\" \/>\n<meta property=\"article:modified_time\" content=\"2026-08-21T03:19:43+00:00\" \/>\n<meta property=\"og:image\" content=\"https:\/\/www.humanium.org\/fr\/wp-content\/uploads\/2025\/02\/shutterstock_283034996-1-scaled.jpg\" \/>\n\t<meta property=\"og:image:width\" content=\"2560\" \/>\n\t<meta property=\"og:image:height\" content=\"1663\" \/>\n\t<meta property=\"og:image:type\" content=\"image\/jpeg\" \/>\n<meta name=\"author\" content=\"Humanium\" \/>\n<meta name=\"twitter:card\" content=\"summary_large_image\" \/>\n<meta name=\"twitter:label1\" content=\"\u00c9crit par\" \/>\n\t<meta name=\"twitter:data1\" content=\"Humanium\" \/>\n\t<meta name=\"twitter:label2\" content=\"Dur\u00e9e de lecture estim\u00e9e\" \/>\n\t<meta name=\"twitter:data2\" content=\"13 minutes\" \/>\n<script type=\"application\/ld+json\" class=\"yoast-schema-graph\">{\"@context\":\"https:\\\/\\\/schema.org\",\"@graph\":[{\"@type\":\"Article\",\"@id\":\"https:\\\/\\\/www.humanium.org\\\/fr\\\/observation-generale-n-27-faire-progresser-les-droits-de-lenfant-pour-un-acces-ega-a-la-justice-et-a-des-voies-de-recours-effectives\\\/#article\",\"isPartOf\":{\"@id\":\"https:\\\/\\\/www.humanium.org\\\/fr\\\/observation-generale-n-27-faire-progresser-les-droits-de-lenfant-pour-un-acces-ega-a-la-justice-et-a-des-voies-de-recours-effectives\\\/\"},\"author\":{\"name\":\"Humanium\",\"@id\":\"https:\\\/\\\/www.humanium.org\\\/fr\\\/#\\\/schema\\\/person\\\/d798d6c7d59ba2307e0877f61a20ce3e\"},\"headline\":\"Observation g\u00e9n\u00e9rale n\u00b0 27 : Faire progresser les droits de l\u2019enfant pour un acc\u00e8s \u00e0 la justice et \u00e0 des voies de recours effectives\",\"datePublished\":\"2025-02-25T19:02:27+00:00\",\"dateModified\":\"2026-08-21T03:19:43+00:00\",\"mainEntityOfPage\":{\"@id\":\"https:\\\/\\\/www.humanium.org\\\/fr\\\/observation-generale-n-27-faire-progresser-les-droits-de-lenfant-pour-un-acces-ega-a-la-justice-et-a-des-voies-de-recours-effectives\\\/\"},\"wordCount\":2848,\"image\":{\"@id\":\"https:\\\/\\\/www.humanium.org\\\/fr\\\/observation-generale-n-27-faire-progresser-les-droits-de-lenfant-pour-un-acces-ega-a-la-justice-et-a-des-voies-de-recours-effectives\\\/#primaryimage\"},\"thumbnailUrl\":\"https:\\\/\\\/www.humanium.org\\\/fr\\\/wp-content\\\/uploads\\\/2025\\\/02\\\/shutterstock_283034996-1-scaled.jpg\",\"articleSection\":[\"Droits des enfants\",\"Droits humains\"],\"inLanguage\":\"fr-FR\"},{\"@type\":\"WebPage\",\"@id\":\"https:\\\/\\\/www.humanium.org\\\/fr\\\/observation-generale-n-27-faire-progresser-les-droits-de-lenfant-pour-un-acces-ega-a-la-justice-et-a-des-voies-de-recours-effectives\\\/\",\"url\":\"https:\\\/\\\/www.humanium.org\\\/fr\\\/observation-generale-n-27-faire-progresser-les-droits-de-lenfant-pour-un-acces-ega-a-la-justice-et-a-des-voies-de-recours-effectives\\\/\",\"name\":\"Observation g\u00e9n\u00e9rale n\u00b0 27 : Faire progresser les droits de l\u2019enfant pour un acc\u00e8s \u00e0 la justice et \u00e0 des voies de recours effectives - Humanium\",\"isPartOf\":{\"@id\":\"https:\\\/\\\/www.humanium.org\\\/fr\\\/#website\"},\"primaryImageOfPage\":{\"@id\":\"https:\\\/\\\/www.humanium.org\\\/fr\\\/observation-generale-n-27-faire-progresser-les-droits-de-lenfant-pour-un-acces-ega-a-la-justice-et-a-des-voies-de-recours-effectives\\\/#primaryimage\"},\"image\":{\"@id\":\"https:\\\/\\\/www.humanium.org\\\/fr\\\/observation-generale-n-27-faire-progresser-les-droits-de-lenfant-pour-un-acces-ega-a-la-justice-et-a-des-voies-de-recours-effectives\\\/#primaryimage\"},\"thumbnailUrl\":\"https:\\\/\\\/www.humanium.org\\\/fr\\\/wp-content\\\/uploads\\\/2025\\\/02\\\/shutterstock_283034996-1-scaled.jpg\",\"datePublished\":\"2025-02-25T19:02:27+00:00\",\"dateModified\":\"2026-08-21T03:19:43+00:00\",\"author\":{\"@id\":\"https:\\\/\\\/www.humanium.org\\\/fr\\\/#\\\/schema\\\/person\\\/d798d6c7d59ba2307e0877f61a20ce3e\"},\"description\":\"Le mois de janvier 2024 a \u00e9t\u00e9 marqu\u00e9 par une initiative historique sur l'acc\u00e8s des enfants \u00e0 la justice et \u00e0 des voies de recours efficaces.\",\"breadcrumb\":{\"@id\":\"https:\\\/\\\/www.humanium.org\\\/fr\\\/observation-generale-n-27-faire-progresser-les-droits-de-lenfant-pour-un-acces-ega-a-la-justice-et-a-des-voies-de-recours-effectives\\\/#breadcrumb\"},\"inLanguage\":\"fr-FR\",\"potentialAction\":[{\"@type\":\"ReadAction\",\"target\":[\"https:\\\/\\\/www.humanium.org\\\/fr\\\/observation-generale-n-27-faire-progresser-les-droits-de-lenfant-pour-un-acces-ega-a-la-justice-et-a-des-voies-de-recours-effectives\\\/\"]}]},{\"@type\":\"ImageObject\",\"inLanguage\":\"fr-FR\",\"@id\":\"https:\\\/\\\/www.humanium.org\\\/fr\\\/observation-generale-n-27-faire-progresser-les-droits-de-lenfant-pour-un-acces-ega-a-la-justice-et-a-des-voies-de-recours-effectives\\\/#primaryimage\",\"url\":\"https:\\\/\\\/www.humanium.org\\\/fr\\\/wp-content\\\/uploads\\\/2025\\\/02\\\/shutterstock_283034996-1-scaled.jpg\",\"contentUrl\":\"https:\\\/\\\/www.humanium.org\\\/fr\\\/wp-content\\\/uploads\\\/2025\\\/02\\\/shutterstock_283034996-1-scaled.jpg\",\"width\":2560,\"height\":1663},{\"@type\":\"BreadcrumbList\",\"@id\":\"https:\\\/\\\/www.humanium.org\\\/fr\\\/observation-generale-n-27-faire-progresser-les-droits-de-lenfant-pour-un-acces-ega-a-la-justice-et-a-des-voies-de-recours-effectives\\\/#breadcrumb\",\"itemListElement\":[{\"@type\":\"ListItem\",\"position\":1,\"name\":\"Home\",\"item\":\"https:\\\/\\\/www.humanium.org\\\/fr\\\/\"},{\"@type\":\"ListItem\",\"position\":2,\"name\":\"Observation g\u00e9n\u00e9rale n\u00b0 27 : Faire progresser les droits de l\u2019enfant pour un acc\u00e8s \u00e0 la justice et \u00e0 des voies de recours effectives\"}]},{\"@type\":\"WebSite\",\"@id\":\"https:\\\/\\\/www.humanium.org\\\/fr\\\/#website\",\"url\":\"https:\\\/\\\/www.humanium.org\\\/fr\\\/\",\"name\":\"Humanium\",\"description\":\"Les enfants d\u2019abord !\",\"potentialAction\":[{\"@type\":\"SearchAction\",\"target\":{\"@type\":\"EntryPoint\",\"urlTemplate\":\"https:\\\/\\\/www.humanium.org\\\/fr\\\/?s={search_term_string}\"},\"query-input\":{\"@type\":\"PropertyValueSpecification\",\"valueRequired\":true,\"valueName\":\"search_term_string\"}}],\"inLanguage\":\"fr-FR\"},{\"@type\":\"Person\",\"@id\":\"https:\\\/\\\/www.humanium.org\\\/fr\\\/#\\\/schema\\\/person\\\/d798d6c7d59ba2307e0877f61a20ce3e\",\"name\":\"Humanium\",\"image\":{\"@type\":\"ImageObject\",\"inLanguage\":\"fr-FR\",\"@id\":\"https:\\\/\\\/secure.gravatar.com\\\/avatar\\\/22715e338d2fcc547e3a431c4738360d33fea2a4af458f865b2c3b22f1eaa51f?s=96&d=mm&r=g\",\"url\":\"https:\\\/\\\/secure.gravatar.com\\\/avatar\\\/22715e338d2fcc547e3a431c4738360d33fea2a4af458f865b2c3b22f1eaa51f?s=96&d=mm&r=g\",\"contentUrl\":\"https:\\\/\\\/secure.gravatar.com\\\/avatar\\\/22715e338d2fcc547e3a431c4738360d33fea2a4af458f865b2c3b22f1eaa51f?s=96&d=mm&r=g\",\"caption\":\"Humanium\"},\"url\":\"https:\\\/\\\/www.humanium.org\\\/fr\\\/author\\\/humanium\\\/\"}]}<\/script>\n<!-- \/ Yoast SEO plugin. -->","yoast_head_json":{"title":"Observation g\u00e9n\u00e9rale n\u00b0 27 : Faire progresser les droits de l\u2019enfant pour un acc\u00e8s \u00e0 la justice et \u00e0 des voies de recours effectives - Humanium","description":"Le mois de janvier 2024 a \u00e9t\u00e9 marqu\u00e9 par une initiative historique sur l'acc\u00e8s des enfants \u00e0 la justice et \u00e0 des voies de recours efficaces.","robots":{"index":"index","follow":"follow","max-snippet":"max-snippet:-1","max-image-preview":"max-image-preview:large","max-video-preview":"max-video-preview:-1"},"canonical":"https:\/\/www.humanium.org\/fr\/observation-generale-n-27-faire-progresser-les-droits-de-lenfant-pour-un-acces-ega-a-la-justice-et-a-des-voies-de-recours-effectives\/","og_locale":"fr_FR","og_type":"article","og_title":"Observation g\u00e9n\u00e9rale n\u00b0 27 : Faire progresser les droits de l\u2019enfant pour un acc\u00e8s \u00e0 la justice et \u00e0 des voies de recours effectives - Humanium","og_description":"Le mois de janvier 2024 a \u00e9t\u00e9 marqu\u00e9 par une initiative historique sur l'acc\u00e8s des enfants \u00e0 la justice et \u00e0 des voies de recours efficaces.","og_url":"https:\/\/www.humanium.org\/fr\/observation-generale-n-27-faire-progresser-les-droits-de-lenfant-pour-un-acces-ega-a-la-justice-et-a-des-voies-de-recours-effectives\/","og_site_name":"Humanium","article_published_time":"2025-02-25T19:02:27+00:00","article_modified_time":"2026-08-21T03:19:43+00:00","og_image":[{"width":2560,"height":1663,"url":"https:\/\/www.humanium.org\/fr\/wp-content\/uploads\/2025\/02\/shutterstock_283034996-1-scaled.jpg","type":"image\/jpeg"}],"author":"Humanium","twitter_card":"summary_large_image","twitter_misc":{"\u00c9crit par":"Humanium","Dur\u00e9e de lecture estim\u00e9e":"13 minutes"},"schema":{"@context":"https:\/\/schema.org","@graph":[{"@type":"Article","@id":"https:\/\/www.humanium.org\/fr\/observation-generale-n-27-faire-progresser-les-droits-de-lenfant-pour-un-acces-ega-a-la-justice-et-a-des-voies-de-recours-effectives\/#article","isPartOf":{"@id":"https:\/\/www.humanium.org\/fr\/observation-generale-n-27-faire-progresser-les-droits-de-lenfant-pour-un-acces-ega-a-la-justice-et-a-des-voies-de-recours-effectives\/"},"author":{"name":"Humanium","@id":"https:\/\/www.humanium.org\/fr\/#\/schema\/person\/d798d6c7d59ba2307e0877f61a20ce3e"},"headline":"Observation g\u00e9n\u00e9rale n\u00b0 27 : Faire progresser les droits de l\u2019enfant pour un acc\u00e8s \u00e0 la justice et \u00e0 des voies de recours effectives","datePublished":"2025-02-25T19:02:27+00:00","dateModified":"2026-08-21T03:19:43+00:00","mainEntityOfPage":{"@id":"https:\/\/www.humanium.org\/fr\/observation-generale-n-27-faire-progresser-les-droits-de-lenfant-pour-un-acces-ega-a-la-justice-et-a-des-voies-de-recours-effectives\/"},"wordCount":2848,"image":{"@id":"https:\/\/www.humanium.org\/fr\/observation-generale-n-27-faire-progresser-les-droits-de-lenfant-pour-un-acces-ega-a-la-justice-et-a-des-voies-de-recours-effectives\/#primaryimage"},"thumbnailUrl":"https:\/\/www.humanium.org\/fr\/wp-content\/uploads\/2025\/02\/shutterstock_283034996-1-scaled.jpg","articleSection":["Droits des enfants","Droits humains"],"inLanguage":"fr-FR"},{"@type":"WebPage","@id":"https:\/\/www.humanium.org\/fr\/observation-generale-n-27-faire-progresser-les-droits-de-lenfant-pour-un-acces-ega-a-la-justice-et-a-des-voies-de-recours-effectives\/","url":"https:\/\/www.humanium.org\/fr\/observation-generale-n-27-faire-progresser-les-droits-de-lenfant-pour-un-acces-ega-a-la-justice-et-a-des-voies-de-recours-effectives\/","name":"Observation g\u00e9n\u00e9rale n\u00b0 27 : Faire progresser les droits de l\u2019enfant pour un acc\u00e8s \u00e0 la justice et \u00e0 des voies de recours effectives - Humanium","isPartOf":{"@id":"https:\/\/www.humanium.org\/fr\/#website"},"primaryImageOfPage":{"@id":"https:\/\/www.humanium.org\/fr\/observation-generale-n-27-faire-progresser-les-droits-de-lenfant-pour-un-acces-ega-a-la-justice-et-a-des-voies-de-recours-effectives\/#primaryimage"},"image":{"@id":"https:\/\/www.humanium.org\/fr\/observation-generale-n-27-faire-progresser-les-droits-de-lenfant-pour-un-acces-ega-a-la-justice-et-a-des-voies-de-recours-effectives\/#primaryimage"},"thumbnailUrl":"https:\/\/www.humanium.org\/fr\/wp-content\/uploads\/2025\/02\/shutterstock_283034996-1-scaled.jpg","datePublished":"2025-02-25T19:02:27+00:00","dateModified":"2026-08-21T03:19:43+00:00","author":{"@id":"https:\/\/www.humanium.org\/fr\/#\/schema\/person\/d798d6c7d59ba2307e0877f61a20ce3e"},"description":"Le mois de janvier 2024 a \u00e9t\u00e9 marqu\u00e9 par une initiative historique sur l'acc\u00e8s des enfants \u00e0 la justice et \u00e0 des voies de recours efficaces.","breadcrumb":{"@id":"https:\/\/www.humanium.org\/fr\/observation-generale-n-27-faire-progresser-les-droits-de-lenfant-pour-un-acces-ega-a-la-justice-et-a-des-voies-de-recours-effectives\/#breadcrumb"},"inLanguage":"fr-FR","potentialAction":[{"@type":"ReadAction","target":["https:\/\/www.humanium.org\/fr\/observation-generale-n-27-faire-progresser-les-droits-de-lenfant-pour-un-acces-ega-a-la-justice-et-a-des-voies-de-recours-effectives\/"]}]},{"@type":"ImageObject","inLanguage":"fr-FR","@id":"https:\/\/www.humanium.org\/fr\/observation-generale-n-27-faire-progresser-les-droits-de-lenfant-pour-un-acces-ega-a-la-justice-et-a-des-voies-de-recours-effectives\/#primaryimage","url":"https:\/\/www.humanium.org\/fr\/wp-content\/uploads\/2025\/02\/shutterstock_283034996-1-scaled.jpg","contentUrl":"https:\/\/www.humanium.org\/fr\/wp-content\/uploads\/2025\/02\/shutterstock_283034996-1-scaled.jpg","width":2560,"height":1663},{"@type":"BreadcrumbList","@id":"https:\/\/www.humanium.org\/fr\/observation-generale-n-27-faire-progresser-les-droits-de-lenfant-pour-un-acces-ega-a-la-justice-et-a-des-voies-de-recours-effectives\/#breadcrumb","itemListElement":[{"@type":"ListItem","position":1,"name":"Home","item":"https:\/\/www.humanium.org\/fr\/"},{"@type":"ListItem","position":2,"name":"Observation g\u00e9n\u00e9rale n\u00b0 27 : Faire progresser les droits de l\u2019enfant pour un acc\u00e8s \u00e0 la justice et \u00e0 des voies de recours effectives"}]},{"@type":"WebSite","@id":"https:\/\/www.humanium.org\/fr\/#website","url":"https:\/\/www.humanium.org\/fr\/","name":"Humanium","description":"Les enfants d\u2019abord !","potentialAction":[{"@type":"SearchAction","target":{"@type":"EntryPoint","urlTemplate":"https:\/\/www.humanium.org\/fr\/?s={search_term_string}"},"query-input":{"@type":"PropertyValueSpecification","valueRequired":true,"valueName":"search_term_string"}}],"inLanguage":"fr-FR"},{"@type":"Person","@id":"https:\/\/www.humanium.org\/fr\/#\/schema\/person\/d798d6c7d59ba2307e0877f61a20ce3e","name":"Humanium","image":{"@type":"ImageObject","inLanguage":"fr-FR","@id":"https:\/\/secure.gravatar.com\/avatar\/22715e338d2fcc547e3a431c4738360d33fea2a4af458f865b2c3b22f1eaa51f?s=96&d=mm&r=g","url":"https:\/\/secure.gravatar.com\/avatar\/22715e338d2fcc547e3a431c4738360d33fea2a4af458f865b2c3b22f1eaa51f?s=96&d=mm&r=g","contentUrl":"https:\/\/secure.gravatar.com\/avatar\/22715e338d2fcc547e3a431c4738360d33fea2a4af458f865b2c3b22f1eaa51f?s=96&d=mm&r=g","caption":"Humanium"},"url":"https:\/\/www.humanium.org\/fr\/author\/humanium\/"}]}},"_links":{"self":[{"href":"https:\/\/www.humanium.org\/fr\/wp-json\/wp\/v2\/posts\/58162","targetHints":{"allow":["GET"]}}],"collection":[{"href":"https:\/\/www.humanium.org\/fr\/wp-json\/wp\/v2\/posts"}],"about":[{"href":"https:\/\/www.humanium.org\/fr\/wp-json\/wp\/v2\/types\/post"}],"author":[{"embeddable":true,"href":"https:\/\/www.humanium.org\/fr\/wp-json\/wp\/v2\/users\/69"}],"replies":[{"embeddable":true,"href":"https:\/\/www.humanium.org\/fr\/wp-json\/wp\/v2\/comments?post=58162"}],"version-history":[{"count":6,"href":"https:\/\/www.humanium.org\/fr\/wp-json\/wp\/v2\/posts\/58162\/revisions"}],"predecessor-version":[{"id":62669,"href":"https:\/\/www.humanium.org\/fr\/wp-json\/wp\/v2\/posts\/58162\/revisions\/62669"}],"wp:featuredmedia":[{"embeddable":true,"href":"https:\/\/www.humanium.org\/fr\/wp-json\/wp\/v2\/media\/58166"}],"wp:attachment":[{"href":"https:\/\/www.humanium.org\/fr\/wp-json\/wp\/v2\/media?parent=58162"}],"wp:term":[{"taxonomy":"category","embeddable":true,"href":"https:\/\/www.humanium.org\/fr\/wp-json\/wp\/v2\/categories?post=58162"},{"taxonomy":"post_tag","embeddable":true,"href":"https:\/\/www.humanium.org\/fr\/wp-json\/wp\/v2\/tags?post=58162"}],"curies":[{"name":"wp","href":"https:\/\/api.w.org\/{rel}","templated":true}]}}