{"id":58179,"date":"2025-03-04T19:36:31","date_gmt":"2025-03-04T19:36:31","guid":{"rendered":"https:\/\/www.humanium.org\/fr\/?p=58179"},"modified":"2026-08-21T03:19:43","modified_gmt":"2026-08-21T03:19:43","slug":"la-violence-et-la-maltraitance-envers-les-enfants-migrants-dans-les-centres-de-detention-en-libye","status":"publish","type":"post","link":"https:\/\/www.humanium.org\/fr\/la-violence-et-la-maltraitance-envers-les-enfants-migrants-dans-les-centres-de-detention-en-libye\/","title":{"rendered":"La violence et la maltraitance envers les enfants migrants dans les centres de d\u00e9tention en Libye"},"content":{"rendered":"\n<p class=\"wp-block-paragraph\"><strong>En chemin pour l\u2019<a href=\"https:\/\/www.humanium.org\/fr\/europe-caucase\/\">Europe<\/a>, de nombreux <a href=\"https:\/\/www.humanium.org\/fr\/enfants-deplaces\/\">enfants r\u00e9fugi\u00e9s et migrants<\/a> suivent les routes migratoires \u00e0 travers l\u2019Afrique. La <a href=\"https:\/\/www.humanium.org\/fr\/libye\/\">Libye<\/a> est un point de transit cl\u00e9 durant ce p\u00e9riple. Pourtant, au sein des fronti\u00e8res libyennes, des difficult\u00e9s demeurent. Des rapports faisant \u00e9tat de <a href=\"https:\/\/www.humanium.org\/fr\/la-maltraitance-des-enfants\/\">violence<\/a>, de torture et de traitements inhumains ont \u00e9merg\u00e9 des diff\u00e9rents centres de d\u00e9tention, o\u00f9 les enfants migrants sont <a href=\"https:\/\/www.humanium.org\/fr\/enfants-detenus\/\">d\u00e9tenus<\/a> de force. Aussi inqui\u00e9tants que ces rapports puissent \u00eatre, nous devons surtout craindre ce qui n\u2019a pas encore \u00e9t\u00e9 rapport\u00e9.<\/strong><\/p>\n\n\n\n<h2 class=\"wp-block-heading\"><strong>Les d\u00e9placements internes et les migrations \u00e0 travers l\u2019Afrique<\/strong><\/h2>\n\n\n\n<p class=\"wp-block-paragraph\">Ces derni\u00e8res ann\u00e9es, les politiques de migration sont devenues plus strictes, rendant inaccessibles les routes migratoires s\u00fbres et l\u00e9gales. De nombreuses personnes ont \u00e9t\u00e9 contraintes de quitter leur domicile et n\u2019ont eu d\u2019autre choix que d\u2019emprunter des passages transfrontaliers ill\u00e9gaux et risqu\u00e9s. Au fil du temps, les rapports de d\u00e9c\u00e8s et de disparitions de migrants se sont concentr\u00e9s dans la mer M\u00e9diterran\u00e9e, l\u00e0 o\u00f9 des milliers de d\u00e9c\u00e8s et d\u2019innombrables disparitions ont eu lieu sur plusieurs routes qui sont li\u00e9es au continent africain (IOM, 2024).<\/p>\n\n\n\n<p class=\"wp-block-paragraph\">En effet, en 2024, l\u2019<a href=\"https:\/\/www.humanium.org\/fr\/afrique\/\">Afrique<\/a> a accueilli 35 millions de personnes <a href=\"https:\/\/www.humanium.org\/fr\/enfants-deplaces\/\">d\u00e9plac\u00e9es<\/a> internes, soit pr\u00e8s de la moiti\u00e9 de la population mondiale. Un total de 32,5 millions de ces personnes d\u00e9plac\u00e9es l\u2019ont \u00e9t\u00e9 suite \u00e0 des formes de conflits et de violence, avec 80% d\u2019entre elles confin\u00e9es dans seulement cinq pays (IDMC, 2024). La <a href=\"https:\/\/www.humanium.org\/fr\/libye\/\">Libye<\/a> demeure un point de passage cl\u00e9 pour les <a href=\"https:\/\/www.humanium.org\/fr\/enfants-deplaces\/\">r\u00e9fugi\u00e9s<\/a> et les migrants qui quittent la r\u00e9gion subsaharienne, avec environ 760&nbsp;000 migrants dans le pays \u00e0 compter de juillet 2024 (USAID, 2024).<\/p>\n\n\n\n<p class=\"wp-block-paragraph\">En raison d\u2019un manque de routes s\u00e9curis\u00e9s et l\u00e9gales pour quitter la Libye, la grande majorit\u00e9 des migrants n\u2019ont pas d\u2019autre choix que de traverser la mer M\u00e9diterran\u00e9e pour se mettre en s\u00e9curit\u00e9. D\u2019apr\u00e8s plusieurs survivants, ils ont tent\u00e9 \u00e0 plusieurs reprises de traverser \u00ab&nbsp;ce qui est consid\u00e9r\u00e9 comme la route migratoire la plus mortelle au monde, et ont \u00e9t\u00e9 d\u00e9tenus en Libye et pris dans un cycle de violence, de <a href=\"https:\/\/www.humanium.org\/fr\/la-maltraitance-des-enfants\/\">maltraitance<\/a> et d\u2019extorsion&nbsp;\u00bb (M\u00e9decins Sans Fronti\u00e8res, 2022).<\/p>\n\n\n\n<h2 class=\"wp-block-heading\"><strong>Le fonctionnement et les abus dans les centres de d\u00e9tention en Libye<\/strong><\/h2>\n\n\n\n<p class=\"wp-block-paragraph\">Il existe 34 centres de d\u00e9tention connus en <a href=\"https:\/\/www.humanium.org\/fr\/libye\/\">Libye<\/a> dont trois sont situ\u00e9s dans le d\u00e9sert. La plupart sont dirig\u00e9s par le D\u00e9partement de Lutte contre l\u2019Installation et l\u2019Immigration Clandestine du gouvernement libyen (BBC, 2017). Pourtant, des rapports indiquent que des groupes arm\u00e9s retiennent des migrants dans un nombre ind\u00e9termin\u00e9 de centres de d\u00e9tention non autoris\u00e9s. En effet, \u00ab&nbsp;la route est principalement contr\u00f4l\u00e9e par des passeurs, des trafiquants et d\u2019autres personnes qui cherchent \u00e0 traquer des enfants et des femmes d\u00e9sesp\u00e9r\u00e9s qui recherchent simplement un refuge ou une vie meilleure&nbsp;\u00bb (Aljazeera, 2017).<\/p>\n\n\n\n<p class=\"wp-block-paragraph\">La Libye n\u2019a pas sign\u00e9 la Convention des Nations unies relative au statut de r\u00e9fugi\u00e9s, bien qu\u2019elle ait sign\u00e9 la Convention de l\u2019OUA (Organisation de l\u2019Union Africaine) pour les r\u00e9fugi\u00e9s. La d\u00e9claration constitutionnelle garantit le droit \u00e0 l\u2019asile d\u2019apr\u00e8s la loi et stipule que les r\u00e9fugi\u00e9s politiques ne peuvent pas \u00eatre extrad\u00e9s. En r\u00e9alit\u00e9, aucune autorit\u00e9 nationale n\u2019existe en Libye afin de d\u00e9terminer le statut de r\u00e9fugi\u00e9 ou d\u2019effectuer une telle homologation.<\/p>\n\n\n\n<p class=\"wp-block-paragraph\">De plus, les personnes ayant besoin d\u2019une protection internationale ne b\u00e9n\u00e9ficient pas des droits li\u00e9s \u00e0 l\u2019asile, qui incluent le s\u00e9jour l\u00e9gal, la non-criminalisation ou criminalisation d\u2019entr\u00e9e clandestine, l\u2019acc\u00e8s aux documents officiels et aux droits fondamentaux, ainsi qu\u2019\u00e0 la protection contre l\u2019expulsion vers des pays dangereux. Par ailleurs, il n\u2019existe aucune protection sp\u00e9cifique applicable aux enfants <a href=\"https:\/\/www.humanium.org\/fr\/enfants-deplaces\/\">r\u00e9fugi\u00e9s<\/a> en Libye (Norwegian Refugee Council, 2023).<\/p>\n\n\n\n<p class=\"wp-block-paragraph\">Par cons\u00e9quent, les enfants ne re\u00e7oivent aucun traitement de faveur et sont fr\u00e9quemment plac\u00e9s dans des cellules aux c\u00f4t\u00e9s de d\u00e9tenus adultes, ce qui m\u00e8ne \u00e0 des risques \u00e9lev\u00e9s <a href=\"https:\/\/www.humanium.org\/fr\/la-maltraitance-des-enfants\/\">d\u2019abus<\/a>. Des cas d\u2019enfants <a href=\"https:\/\/www.humanium.org\/fr\/enfants-deplaces\/\">r\u00e9fugi\u00e9s<\/a> qui ont \u00e9t\u00e9 n\u00e9glig\u00e9s dans les centres de d\u00e9tention et les h\u00f4pitaux ont \u00e9t\u00e9 rapport\u00e9s (Aljazeera, 2017). Les enfants migrants et r\u00e9fugi\u00e9s en Libye font donc face quotidiennement \u00e0 des violations graves de leurs droits, notamment la d\u00e9tention arbitraire, la maltraitance, l\u2019extorsion, la r\u00e9tention contre leur gr\u00e9 dans des conditions inhumaines et dans des centres de d\u00e9tention surpeupl\u00e9s (UNICEF, 2021).<\/p>\n\n\n\n<p class=\"wp-block-paragraph\">Par exemple, dans le plus grand centre de d\u00e9tention de Libye, <em>Al Mabani, <\/em>\u00ab&nbsp;plus de 5000 personnes &#8211; soit quatre fois sa capacit\u00e9 officielle &#8211; dont 100 enfants et 300 femmes&nbsp;\u00bb ont \u00e9t\u00e9 <a href=\"https:\/\/www.humanium.org\/fr\/enfants-detenus\/\">d\u00e9tenus<\/a> (UNICEF, 2021). D\u2019apr\u00e8s les donn\u00e9es existantes collect\u00e9es, on estime que 99 enfants (49 gar\u00e7ons et 50 filles) \u00e9taient d\u00e9tenus de mani\u00e8re arbitraire dans les centres de d\u00e9tention en Libye (United Nations Security Council, 2024).<\/p>\n\n\n\n<h2 class=\"wp-block-heading\"><strong>Maltraitance des enfants migrants \u00e0 Tripoli<\/strong><\/h2>\n\n\n\n<p class=\"wp-block-paragraph\">Les <a href=\"https:\/\/www.humanium.org\/fr\/enfants-deplaces\/\">r\u00e9fugi\u00e9s<\/a>, les demandeurs d\u2019asile et les migrants retenus dans plus d\u2019une douzaine de centres de d\u00e9tention \u00e0 Tripoli, sont \u00ab&nbsp;attaqu\u00e9s, <a href=\"https:\/\/www.humanium.org\/fr\/exploitation-sexuelle-enfants\/\">agress\u00e9s sexuellement<\/a>, battus, tu\u00e9s et priv\u00e9s de fa\u00e7on syst\u00e9matique des droits humains les plus \u00e9l\u00e9mentaires, notamment un acc\u00e8s ad\u00e9quat \u00e0 la nourriture, \u00e0 l\u2019eau, \u00e0 l\u2019hygi\u00e8ne et aux soins m\u00e9dicaux&nbsp;\u00bb (M\u00e9decins Sans Fronti\u00e8res, 2023). Plus particuli\u00e8rement, la s\u00e9curit\u00e9 et le bien-\u00eatre de milliers de femmes et d\u2019enfants sont menac\u00e9s (Amnesty International, 2020, UNICEF, 2021).<\/p>\n\n\n\n<figure class=\"wp-block-image size-large is-style-default\"><img loading=\"lazy\" decoding=\"async\" width=\"1024\" height=\"618\" src=\"https:\/\/www.humanium.org\/fr\/wp-content\/uploads\/2025\/03\/shutterstock_617081084-1024x618.jpg\" alt=\"\" class=\"wp-image-58180\" srcset=\"https:\/\/www.humanium.org\/fr\/wp-content\/uploads\/2025\/03\/shutterstock_617081084-1024x618.jpg 1024w, https:\/\/www.humanium.org\/fr\/wp-content\/uploads\/2025\/03\/shutterstock_617081084-300x181.jpg 300w, https:\/\/www.humanium.org\/fr\/wp-content\/uploads\/2025\/03\/shutterstock_617081084-768x463.jpg 768w, https:\/\/www.humanium.org\/fr\/wp-content\/uploads\/2025\/03\/shutterstock_617081084-1536x927.jpg 1536w, https:\/\/www.humanium.org\/fr\/wp-content\/uploads\/2025\/03\/shutterstock_617081084-2048x1236.jpg 2048w, https:\/\/www.humanium.org\/fr\/wp-content\/uploads\/2025\/03\/shutterstock_617081084-830x501.jpg 830w, https:\/\/www.humanium.org\/fr\/wp-content\/uploads\/2025\/03\/shutterstock_617081084-230x139.jpg 230w, https:\/\/www.humanium.org\/fr\/wp-content\/uploads\/2025\/03\/shutterstock_617081084-350x211.jpg 350w, https:\/\/www.humanium.org\/fr\/wp-content\/uploads\/2025\/03\/shutterstock_617081084-480x290.jpg 480w\" sizes=\"auto, (max-width: 1024px) 100vw, 1024px\" \/><\/figure>\n\n\n\n<p class=\"wp-block-paragraph\">Les r\u00e9fugi\u00e9s et les migrants sont remis r\u00e9guli\u00e8rement \u00e0 des milices qui dirigent des centres de d\u00e9tention non officiels \u00e0 Tripoli (Amnesty International, 2020). Les enfants, les mineurs non accompagn\u00e9s, les enfants en bas-\u00e2ge, les nourrissons et les nouveau-n\u00e9s souffrent \u00e0 cause de \u00ab&nbsp; la nature arbitraire de leur d\u00e9tention dans des conditions inhumaines, o\u00f9 ils se voient syst\u00e9matiquement refuser un acc\u00e8s suffisant \u00e0 la nourriture, \u00e0 l\u2019eau, \u00e0 l\u2019hygi\u00e8ne, \u00e0 l\u2019activit\u00e9 physique, aux <a href=\"https:\/\/www.humanium.org\/fr\/comprendre-droits-enfant\/droit-a-la-sante\/\">soins m\u00e9dicaux<\/a>, ainsi que l\u2019acc\u00e8s \u00e0 des articles de premi\u00e8re n\u00e9cessit\u00e9 comme des couvertures, des v\u00eatements, des couches ou des protections hygi\u00e9niques. Ils ont \u00e9galement \u00e9t\u00e9 <a href=\"https:\/\/www.humanium.org\/fr\/enfants-detenus\/\">d\u00e9tenus<\/a> sans garantie de proc\u00e9dure ou de conseil juridique (M\u00e9decins Sans Fronti\u00e8res, 2023).<\/p>\n\n\n\n<h2 class=\"wp-block-heading\"><strong>R\u00f4le de l\u2019Union europ\u00e9enne et impact du nouveau Pacte sur la migration et l\u2019asile<\/strong><\/h2>\n\n\n\n<p class=\"wp-block-paragraph\">Les migrants et les demandeurs d\u2019asile continuent actuellement de tenter de rejoindre l\u2019<a href=\"https:\/\/www.humanium.org\/fr\/europe-caucase\/\">Europe<\/a> \u00e0 partir de la <a href=\"https:\/\/www.humanium.org\/fr\/libye\/\">Libye<\/a> (Human Rights Watch, 2025). La r\u00e9action de l\u2019Union europ\u00e9enne face \u00e0 ces \u00e9v\u00e8nements est d\u2019endiguer la migration. Pouss\u00e9s par sa d\u00e9termination \u00e0 limiter les arriv\u00e9es par tous les moyens n\u00e9cessaires, les Etats Membres de l\u2019Union europ\u00e9enne apportent leur soutien \u00e0 la Libye, contournant ainsi les lois interdisant le refoulement et par cons\u00e9quent la garantie des droits humains (Amnesty International, 2020).&nbsp;<\/p>\n\n\n\n<p class=\"wp-block-paragraph\">Ainsi, les gouvernements europ\u00e9ens ont confi\u00e9 \u00e0 la Libye la responsabilit\u00e9 de l\u2019encadrement des op\u00e9rations de sauvetage dans une grande partie de la mer M\u00e9diterran\u00e9e, au lieu de s\u2019engager dans une op\u00e9ration de recherche et de sauvetage au centre de la mer M\u00e9diterran\u00e9e, ce qui a entra\u00een\u00e9 la mort d\u2019environ 1&nbsp;553 personnes qui ont voulu traverser la mer rien qu\u2019en 2021 (M\u00e9decins Sans Fronti\u00e8res, 2022).<\/p>\n\n\n\n<p class=\"wp-block-paragraph\">Selon le nouveau Pacte sur la migration et l\u2019asile, les personnes qui arrivent ill\u00e9galement, m\u00eame celles qui d\u00e9barquent apr\u00e8s avoir \u00e9t\u00e9 secourues en mer, seront d\u00e9tenues et dirig\u00e9es vers des proc\u00e9dures d\u2019asile acc\u00e9l\u00e9r\u00e9es et m\u00e9diocres, leur retirant ainsi les formes de protection disponibles dans une proc\u00e9dure habituelle, comme l\u2019assistance juridique et les enfants de six ans ou moins identifi\u00e9s \u00e0 partir de leurs empreintes digitales.<\/p>\n\n\n\n<p class=\"wp-block-paragraph\">Ces nouvelles r\u00e8gles en mati\u00e8re de migration mises en place par le Pacte sont entr\u00e9es en vigueur le 11 juin 2024 et seront appliqu\u00e9es d\u2019ici 2026 (European Commission, 2024). Une m\u00e9thode particuli\u00e8rement utilis\u00e9e est de rejeter la responsabilit\u00e9 sur les pays voisins comme la Libye, la<a href=\"https:\/\/www.humanium.org\/fr\/tunisie\/\"> Tunisie<\/a>, la <a href=\"https:\/\/www.humanium.org\/fr\/turquie\/\">Turquie<\/a> et l\u2019<a href=\"https:\/\/www.humanium.org\/fr\/egypte\/\">Egypte<\/a>, consolidant ainsi un m\u00e9pris total pour les droits des personnes d\u00e9plac\u00e9es (Human Rights Watch, 2023).<\/p>\n\n\n\n<h2 class=\"wp-block-heading\"><strong>Assurer la protection lors du voyage des enfants migrants<\/strong><\/h2>\n\n\n\n<p class=\"wp-block-paragraph\">Etant donn\u00e9 que les enfants migrants font plus particuli\u00e8rement face \u00e0 des risques \u00e9lev\u00e9s de violations de leur protection, par exemple la d\u00e9tention arbitraire, le <a href=\"https:\/\/www.humanium.org\/fr\/travail-des-enfants\/\">travail forc\u00e9<\/a>, la restriction de libert\u00e9 de mouvement et les <a href=\"https:\/\/www.humanium.org\/fr\/exploitation-sexuelle-enfants\/\">violences sexuelles<\/a>, il existe un besoin urgent de fournir une aide en mati\u00e8re de protection, des voies s\u00e9curis\u00e9es et l\u00e9gales ainsi que des garanties pour prot\u00e9ger les enfants migrants afin de s\u2019assurer qu\u2019ils ne finissent pas dans le pi\u00e8ge d\u2019un pr\u00e9dateur (Aljazeera, 2017; USAID, 2024).<\/p>\n\n\n\n<p class=\"wp-block-paragraph\">A travers l\u2019<a href=\"https:\/\/www.humanium.org\/fr\/afrique\/\">Afrique<\/a>, les d\u00e9placements se prolongent de plus en plus et un grand nombre de personnes en d\u00e9placement sont devenus fortement d\u00e9pendantes des aides humanitaires (IOM, 2024). En tant que solution durable, il est \u00ab&nbsp;imp\u00e9ratif qu\u2019une aide rapide et efficace soit fournie \u00e0 tous les migrants et r\u00e9fugi\u00e9s ayant des difficult\u00e9s en mer, notamment gr\u00e2ce \u00e0 des patrouilles maritimes dirig\u00e9es par l\u2019Etat et en soutenant les op\u00e9rations de recherche et de sauvetage par des navires marchands ou humanitaires, ce qui permet un d\u00e9barquement rapide dans un port s\u00e9curis\u00e9&nbsp;\u00bb (IOM, 2024). Il est \u00e9galement essentiel de fournir une aide cibl\u00e9e et sp\u00e9cifique pour les enfants migrants, comme un financement pour la sant\u00e9 mentale, de l\u2019aide m\u00e9dicale, l\u2019\u00e9ducation et une aide juridique pour les enfants d\u00e9tenus ill\u00e9galement.<\/p>\n\n\n\n<p class=\"wp-block-paragraph\">De plus, les droits humains des r\u00e9fugi\u00e9s et des migrants, tout comme la protection des enfants et des victimes de violences, en particulier des violences sexuelles, doivent \u00eatre prot\u00e9g\u00e9s durant toutes les \u00e9tapes de leur parcours (Conseil de s\u00e9curit\u00e9 des Nations unies, 2024). Pour parvenir \u00e0 une protection compl\u00e8te pour les r\u00e9fugi\u00e9s et les <a href=\"https:\/\/www.humanium.org\/fr\/enfants-deplaces\/\">enfants migrants<\/a>, les autorit\u00e9s libyennes doivent signer la Convention des Nations unies relatives au statut des r\u00e9fugi\u00e9s et par la suite \u00e9tablir un syst\u00e8me pour la protection des r\u00e9fugi\u00e9s.<\/p>\n\n\n\n<p class=\"wp-block-paragraph\">D\u2019autre part, l\u2019Etat doit s\u2019assurer que les centres de d\u00e9tention libyens sont en conformit\u00e9 avec le droit international, en particulier les droits humains des enfants&nbsp;; font l\u2019objet de contr\u00f4les ind\u00e9pendants et que les infractions sont clairement rapport\u00e9es. Ce suivi et ce rapport doivent \u00eatre compl\u00e9t\u00e9s par le travail entrepris \u00e0 l\u2019\u00e9chelle internationale par de nombreuses organisations de l\u2019Union europ\u00e9enne, des agences des Nations unies et des ONG qui travaillent sur le terrain, pour mettre en place la protection des droits des migrants, pour conduire des enqu\u00eates ind\u00e9pendantes ou financer une aide humanitaire, soutenus par une collection consolid\u00e9e de donn\u00e9es et d\u2019analyses.<\/p>\n\n\n\n<figure class=\"wp-block-image size-large\"><img loading=\"lazy\" decoding=\"async\" width=\"1024\" height=\"683\" src=\"https:\/\/www.humanium.org\/fr\/wp-content\/uploads\/2025\/03\/shutterstock_2143681145-1024x683.jpg\" alt=\"\" class=\"wp-image-58181\" srcset=\"https:\/\/www.humanium.org\/fr\/wp-content\/uploads\/2025\/03\/shutterstock_2143681145-1024x683.jpg 1024w, https:\/\/www.humanium.org\/fr\/wp-content\/uploads\/2025\/03\/shutterstock_2143681145-300x200.jpg 300w, https:\/\/www.humanium.org\/fr\/wp-content\/uploads\/2025\/03\/shutterstock_2143681145-768x512.jpg 768w, https:\/\/www.humanium.org\/fr\/wp-content\/uploads\/2025\/03\/shutterstock_2143681145-1536x1024.jpg 1536w, https:\/\/www.humanium.org\/fr\/wp-content\/uploads\/2025\/03\/shutterstock_2143681145-2048x1365.jpg 2048w, https:\/\/www.humanium.org\/fr\/wp-content\/uploads\/2025\/03\/shutterstock_2143681145-830x553.jpg 830w, https:\/\/www.humanium.org\/fr\/wp-content\/uploads\/2025\/03\/shutterstock_2143681145-230x153.jpg 230w, https:\/\/www.humanium.org\/fr\/wp-content\/uploads\/2025\/03\/shutterstock_2143681145-350x233.jpg 350w, https:\/\/www.humanium.org\/fr\/wp-content\/uploads\/2025\/03\/shutterstock_2143681145-480x320.jpg 480w, https:\/\/www.humanium.org\/fr\/wp-content\/uploads\/2025\/03\/shutterstock_2143681145-272x182.jpg 272w\" sizes=\"auto, (max-width: 1024px) 100vw, 1024px\" \/><\/figure>\n\n\n\n<p class=\"wp-block-paragraph\">Humanium, en tant qu&rsquo;organisation de d\u00e9fense des droits de l&rsquo;enfant ayant men\u00e9 de nombreux projets dans le monde, reste engag\u00e9 \u00e0 conserver les droits des enfants \u00e0 la <a href=\"https:\/\/www.humanium.org\/fr\/comprendre-droits-enfant\/droit-a-la-vie\">vie<\/a>, \u00e0 la <a href=\"https:\/\/www.humanium.org\/fr\/comprendre-droits-enfant\/protection\/\">protection<\/a> et \u00e0 la <a href=\"https:\/\/www.humanium.org\/fr\/comprendre-droits-enfant\/droit-a-la-sante\/\">sant\u00e9<\/a>. Si vous voulez contribuer aux causes sp\u00e9cifiques d\u2019Humanium pour am\u00e9liorer la vie des enfants, envisagez de faire un don, de devenir b\u00e9n\u00e9vole ou de devenir membre.<\/p>\n\n\n\n<p class=\"wp-block-paragraph\"><em><strong>Ecrit par Mo\u00efra Phu\u00f6ng Van de Po\u00ebl<\/strong><\/em><\/p>\n\n\n\n<p class=\"wp-block-paragraph\"><em><strong>Traduit par Ruthy Gbogbu<\/strong><\/em><\/p>\n\n\n\n<p class=\"wp-block-paragraph\"><em><strong>Relu par Ania Beznia<\/strong><\/em><\/p>\n\n\n\n<h4 class=\"wp-block-heading\"><strong>Bibliographie<\/strong>:<\/h4>\n\n\n\n<p class=\"has-small-font-size wp-block-paragraph\">Aljazeera (2017, February 28). Refugee child abuse rampant in Libya: UNICEF. Retrieved from Aljazeera at <a href=\"https:\/\/www.aljazeera.com\/news\/2017\/2\/28\/refugee-child-abuse-rampant-in-libya-unicef\" target=\"_blank\" rel=\"noreferrer noopener\">https:\/\/www.aljazeera.com\/news\/2017\/2\/28\/refugee-child-abuse-rampant-in-libya-unicef<\/a>, accessed in January 2025.<\/p>\n\n\n\n<p class=\"has-small-font-size wp-block-paragraph\">Amnesty International (2020). Between life and death\u2019: Refugees and migrants trapped in Libya\u2019s cycle of abuse. Retrieved from Amnesty International at <a href=\"https:\/\/www.amnesty.org\/en\/documents\/mde19\/3084\/2020\/en\/\" target=\"_blank\" rel=\"noreferrer noopener\">https:\/\/www.amnesty.org\/en\/documents\/mde19\/3084\/2020\/en\/<\/a>, accessed in January 2025.<\/p>\n\n\n\n<p class=\"has-small-font-size wp-block-paragraph\">Amnesty International (2020). Libya: New evidence shows refugees and migrants trapped in horrific cycle of abuses. Retrieved from Amnesty International at <a href=\"https:\/\/www.amnesty.org\/en\/latest\/press-release\/2020\/09\/libya-new-evidence-shows-refugees-and-migrants-trapped-in-horrific-cycle-of-abuses\/\" target=\"_blank\" rel=\"noreferrer noopener\">https:\/\/www.amnesty.org\/en\/latest\/press-release\/2020\/09\/libya-new-evidence-shows-refugees-and-migrants-trapped-in-horrific-cycle-of-abuses\/<\/a>, accessed in January 2025.<\/p>\n\n\n\n<p class=\"has-small-font-size wp-block-paragraph\">BBC (2017, February 28). Libya exposed as an epicentre for migrant child abuse. Retrieved from BBC at <a href=\"https:\/\/www.bbc.com\/news\/world-africa-39109585\" target=\"_blank\" rel=\"noreferrer noopener\">https:\/\/www.bbc.com\/news\/world-africa-39109585<\/a>, accessed in January 2025.<\/p>\n\n\n\n<p class=\"has-small-font-size wp-block-paragraph\">European Commission (2024, May 21). Pact on Migration and Asylum. Retrieved from European Commission at <a href=\"https:\/\/home-affairs.ec.europa.eu\/policies\/migration-and-asylum\/pact-migration-and-asylum_en\" target=\"_blank\" rel=\"noreferrer noopener\">https:\/\/home-affairs.ec.europa.eu\/policies\/migration-and-asylum\/pact-migration-and-asylum_en<\/a>, accessed in January 2025.&nbsp;<\/p>\n\n\n\n<p class=\"has-small-font-size wp-block-paragraph\">Human Rights Watch (2023, December 21). EU\u2019s Migration Pact is a Disaster for Migrants and Asylum Seekers. Retrieved from Human Rights Watch at <a href=\"https:\/\/www.hrw.org\/news\/2023\/12\/21\/eus-migration-pact-disaster-migrants-and-asylum-seekers\" target=\"_blank\" rel=\"noreferrer noopener\">https:\/\/www.hrw.org\/news\/2023\/12\/21\/eus-migration-pact-disaster-migrants-and-asylum-seekers<\/a>, accessed in January 2025.<\/p>\n\n\n\n<p class=\"has-small-font-size wp-block-paragraph\">Human Rights Watch (2025, January). World Report &#8211; Libya, events of 2024. Retrieved from Human Rights Watch at <a href=\"https:\/\/www.hrw.org\/world-report\/2025\/country-chapters\/libya\" target=\"_blank\" rel=\"noreferrer noopener\">https:\/\/www.hrw.org\/world-report\/2025\/country-chapters\/libya<\/a>, accessed in January 2025.<\/p>\n\n\n\n<p class=\"has-small-font-size wp-block-paragraph\">IDMC (2024, November 26). Internal Displacement in Africa: An overview of trends and developments (2009-2023). Retrieved from IDMC at <a href=\"https:\/\/reliefweb.int\/report\/sudan\/internal-displacement-africa-overview-trends-and-developments-2009-2023\" target=\"_blank\" rel=\"noreferrer noopener\">https:\/\/reliefweb.int\/report\/sudan\/internal-displacement-africa-overview-trends-and-developments-2009-2023<\/a>, accessed in January 2025.<\/p>\n\n\n\n<p class=\"has-small-font-size wp-block-paragraph\">IOM (2024). Africa Migration Report (Second edition). Connecting the threads: Linking policy, practice and the welfare of the African migrant. Retrieved from IOM at <a href=\"https:\/\/reliefweb.int\/report\/world\/africa-migration-report-second-edition-connecting-threads-linking-policy-practice-and-welfare-african-migrant#:~:text=Contrary%20to%20other%20parts%20of,increased%20by%2053%20per%20cent\">https:\/\/reliefweb.int\/report\/world\/africa-migration-report-second-edition<\/a><a href=\"https:\/\/reliefweb.int\/report\/world\/africa-migration-report-second-edition-connecting-threads-linking-policy-practice-and-welfare-african-migrant#:~:text=Contrary%20to%20other%20parts%20of,increased%20by%2053%20per%20cent\" target=\"_blank\" rel=\"noreferrer noopener\">&#8211;<\/a><a href=\"https:\/\/reliefweb.int\/report\/world\/africa-migration-report-second-edition-connecting-threads-linking-policy-practice-and-welfare-african-migrant#:~:text=Contrary%20to%20other%20parts%20of,increased%20by%2053%20per%20cent\">connecting-threads-linking-policy-practice-and-welfare-african-migrant#:~:text=Contrary%20to%20other%20parts%20of,increased%20by%2053%20per%20cent<\/a>, accessed in January 2025.&nbsp;&nbsp;<\/p>\n\n\n\n<p class=\"has-small-font-size wp-block-paragraph\">M\u00e9decins Sans Fronti\u00e8res (2023, December 6). Briefing Note: \u201cYou\u2019re going to die here\u201d \u2013 Abuse in Abu Salim and Ain Zara detention centres. Retrieved from M\u00e9decins Sans Fronti\u00e8res at <a href=\"https:\/\/reliefweb.int\/report\/libya\/briefing-note-youre-going-die-here-abuse-abu-salim-and-ain-zara-detention-centres-enar\" target=\"_blank\" rel=\"noreferrer noopener\">https:\/\/reliefweb.int\/report\/libya\/briefing-note-youre-going-die-here-abuse-abu-salim-and-ain-zara-detention-centres-enar<\/a>, accessed in January 2025.<\/p>\n\n\n\n<p class=\"has-small-font-size wp-block-paragraph\">M\u00e9decins Sans Fronti\u00e8res (2022, February 2). Italy-Libya agreement: Five years of EU-sponsored abuse in Libya and the central Mediterranean. Retrieved from M\u00e9decins Sans Fronti\u00e8res at <a href=\"https:\/\/www.msf.org\/italy-libya-agreement-five-years-eu-sponsored-abuse-libya-and-central-mediterranean\" target=\"_blank\" rel=\"noreferrer noopener\">https:\/\/www.msf.org\/italy-libya-agreement-five-years-eu-sponsored-abuse-libya-and-central-mediterranean<\/a>, accessed in January 2025.<\/p>\n\n\n\n<p class=\"has-small-font-size wp-block-paragraph\">M\u00e9decins Sans Fronti\u00e8res (2023, December 6). People are beaten, sexually abused and killed in Libyan detention centres. Retrieved from M\u00e9decins Sans Fronti\u00e8res at <a href=\"https:\/\/www.msf.org\/people-are-beaten-sexually-abused-and-killed-libyan-detention-centres\">https:\/\/www.msf.org\/people-are-beaten-sexually-abused-and-killed-<\/a><a href=\"https:\/\/www.msf.org\/people-are-beaten-sexually-abused-and-killed-libyan-detention-centres\" target=\"_blank\" rel=\"noreferrer noopener\">libyan<\/a><a href=\"https:\/\/www.msf.org\/people-are-beaten-sexually-abused-and-killed-libyan-detention-centres\">-detention-centres<\/a>, accessed in January 2025.<\/p>\n\n\n\n<p class=\"has-small-font-size wp-block-paragraph\">Norwegian Refugee Council (2023, March). Legal Guide to Child\u2019s Rights in Libya. Retrieved from Norwegian Refugee Council at <a href=\"https:\/\/www.nrc.no\/globalassets\/pdf\/guidelines\/legal-protection-of-children\/legal-guide-to-childs-rights-in-libya-english.pdf\" target=\"_blank\" rel=\"noreferrer noopener\">https:\/\/www.nrc.no\/globalassets\/pdf\/guidelines\/legal-protection-of-children\/legal-guide-to-childs-rights-in-libya-english.pdf<\/a>,&nbsp; accessed in January 2025.<\/p>\n\n\n\n<p class=\"has-small-font-size wp-block-paragraph\">UNICEF (2021, October 12). The safety and wellbeing of children at high risk in detention centres in Libya. Retrieved from UNICEF at <a href=\"https:\/\/www.unicef.org\/press-releases\/safety-and-wellbeing-children-high-risk-detention-centres-libya\">https:\/\/www.unicef.org\/press-releases\/safety-and-wellbeing-children-high-risk-detention-centres-<\/a><a href=\"https:\/\/www.unicef.org\/press-releases\/safety-and-wellbeing-children-high-risk-detention-centres-libya\" target=\"_blank\" rel=\"noreferrer noopener\">libya<\/a>, accessed in January 2025.<\/p>\n\n\n\n<p class=\"has-small-font-size wp-block-paragraph\">United Nations Security Council (2024, August 30). Implementation of Security Council resolution 2698 (2023) &#8211; Report of the Secretary-General. Retrieved from United Nations Security Council at <a href=\"https:\/\/documents.un.org\/doc\/undoc\/gen\/n24\/246\/70\/pdf\/n2424670.pdf\">https:\/\/documents.un.org\/doc\/<\/a><a href=\"https:\/\/documents.un.org\/doc\/undoc\/gen\/n24\/246\/70\/pdf\/n2424670.pdf\" target=\"_blank\" rel=\"noreferrer noopener\">undoc<\/a><a href=\"https:\/\/documents.un.org\/doc\/undoc\/gen\/n24\/246\/70\/pdf\/n2424670.pdf\">\/gen\/n24\/246\/70\/pdf\/n2424670.pdf<\/a>, accessed in January 2025.<\/p>\n\n\n\n<p class=\"has-small-font-size wp-block-paragraph\">USAID (2024, November 15). Libya Assistance Overview &#8211; November 2024. Retrieved from USAID at <a href=\"https:\/\/reliefweb.int\/report\/libya\/libya-assistance-overview-november-2024\">https:\/\/reliefweb.<\/a><a href=\"https:\/\/reliefweb.int\/report\/libya\/libya-assistance-overview-november-2024\" target=\"_blank\" rel=\"noreferrer noopener\">int<\/a><a href=\"https:\/\/reliefweb.int\/report\/libya\/libya-assistance-overview-november-2024\">\/report\/libya\/libya-assistance-overview-november-2024<\/a>, accessed in January 2025.<\/p>\n","protected":false},"excerpt":{"rendered":"<p>En chemin pour l\u2019Europe, de nombreux enfants r\u00e9fugi\u00e9s et migrants suivent les routes migratoires \u00e0 travers l\u2019Afrique. La Libye est un point de transit cl\u00e9 durant ce p\u00e9riple. Pourtant, au sein des fronti\u00e8res libyennes, des difficult\u00e9s demeurent. Des rapports faisant \u00e9tat de violence, de torture et de traitements inhumains ont \u00e9merg\u00e9 des diff\u00e9rents centres de [&hellip;]<\/p>\n","protected":false},"author":69,"featured_media":58185,"comment_status":"closed","ping_status":"closed","sticky":false,"template":"","format":"standard","meta":{"footnotes":""},"categories":[220,4,233,236,215,214],"tags":[],"class_list":["post-58179","post","type-post","status-publish","format-standard","has-post-thumbnail","hentry","category-droits-des-enfants","category-droits-humains","category-exploitation","category-migration","category-refugies","category-violence"],"yoast_head":"<!-- This site is optimized with the Yoast SEO plugin v28.3 - https:\/\/yoast.com\/product\/yoast-seo-wordpress\/ -->\n<title>La violence et la maltraitance envers les enfants migrants dans les centres de d\u00e9tention en Libye - Humanium<\/title>\n<meta name=\"description\" content=\"Des rapports faisant \u00e9tat d&#039;abus et de tortures ont \u00e9t\u00e9 publi\u00e9s dans des centres de d\u00e9tention en Libye o\u00f9 des enfants migrants sont d\u00e9tenus de force.\" \/>\n<meta name=\"robots\" content=\"index, follow, max-snippet:-1, max-image-preview:large, max-video-preview:-1\" \/>\n<link rel=\"canonical\" href=\"https:\/\/www.humanium.org\/fr\/la-violence-et-la-maltraitance-envers-les-enfants-migrants-dans-les-centres-de-detention-en-libye\/\" \/>\n<meta property=\"og:locale\" content=\"fr_FR\" \/>\n<meta property=\"og:type\" content=\"article\" \/>\n<meta property=\"og:title\" content=\"La violence et la maltraitance envers les enfants migrants dans les centres de d\u00e9tention en Libye - Humanium\" \/>\n<meta property=\"og:description\" content=\"Des rapports faisant \u00e9tat d&#039;abus et de tortures ont \u00e9t\u00e9 publi\u00e9s dans des centres de d\u00e9tention en Libye o\u00f9 des enfants migrants sont d\u00e9tenus de force.\" \/>\n<meta property=\"og:url\" content=\"https:\/\/www.humanium.org\/fr\/la-violence-et-la-maltraitance-envers-les-enfants-migrants-dans-les-centres-de-detention-en-libye\/\" \/>\n<meta property=\"og:site_name\" content=\"Humanium\" \/>\n<meta property=\"article:published_time\" content=\"2025-03-04T19:36:31+00:00\" \/>\n<meta property=\"article:modified_time\" content=\"2026-08-21T03:19:43+00:00\" \/>\n<meta property=\"og:image\" content=\"https:\/\/www.humanium.org\/fr\/wp-content\/uploads\/2025\/03\/shutterstock_1422475490-scaled.jpg\" \/>\n\t<meta property=\"og:image:width\" content=\"2560\" \/>\n\t<meta property=\"og:image:height\" content=\"1709\" \/>\n\t<meta property=\"og:image:type\" content=\"image\/jpeg\" \/>\n<meta name=\"author\" content=\"Humanium\" \/>\n<meta name=\"twitter:card\" content=\"summary_large_image\" \/>\n<meta name=\"twitter:label1\" content=\"\u00c9crit par\" \/>\n\t<meta name=\"twitter:data1\" content=\"Humanium\" \/>\n\t<meta name=\"twitter:label2\" content=\"Dur\u00e9e de lecture estim\u00e9e\" \/>\n\t<meta name=\"twitter:data2\" content=\"12 minutes\" \/>\n<script type=\"application\/ld+json\" class=\"yoast-schema-graph\">{\"@context\":\"https:\\\/\\\/schema.org\",\"@graph\":[{\"@type\":\"Article\",\"@id\":\"https:\\\/\\\/www.humanium.org\\\/fr\\\/la-violence-et-la-maltraitance-envers-les-enfants-migrants-dans-les-centres-de-detention-en-libye\\\/#article\",\"isPartOf\":{\"@id\":\"https:\\\/\\\/www.humanium.org\\\/fr\\\/la-violence-et-la-maltraitance-envers-les-enfants-migrants-dans-les-centres-de-detention-en-libye\\\/\"},\"author\":{\"name\":\"Humanium\",\"@id\":\"https:\\\/\\\/www.humanium.org\\\/fr\\\/#\\\/schema\\\/person\\\/d798d6c7d59ba2307e0877f61a20ce3e\"},\"headline\":\"La violence et la maltraitance envers les enfants migrants dans les centres de d\u00e9tention en Libye\",\"datePublished\":\"2025-03-04T19:36:31+00:00\",\"dateModified\":\"2026-08-21T03:19:43+00:00\",\"mainEntityOfPage\":{\"@id\":\"https:\\\/\\\/www.humanium.org\\\/fr\\\/la-violence-et-la-maltraitance-envers-les-enfants-migrants-dans-les-centres-de-detention-en-libye\\\/\"},\"wordCount\":2478,\"image\":{\"@id\":\"https:\\\/\\\/www.humanium.org\\\/fr\\\/la-violence-et-la-maltraitance-envers-les-enfants-migrants-dans-les-centres-de-detention-en-libye\\\/#primaryimage\"},\"thumbnailUrl\":\"https:\\\/\\\/www.humanium.org\\\/fr\\\/wp-content\\\/uploads\\\/2025\\\/03\\\/shutterstock_1422475490-scaled.jpg\",\"articleSection\":[\"Droits des enfants\",\"Droits humains\",\"Exploitation\",\"Migration\",\"R\u00e9fugi\u00e9s\",\"violence\"],\"inLanguage\":\"fr-FR\"},{\"@type\":\"WebPage\",\"@id\":\"https:\\\/\\\/www.humanium.org\\\/fr\\\/la-violence-et-la-maltraitance-envers-les-enfants-migrants-dans-les-centres-de-detention-en-libye\\\/\",\"url\":\"https:\\\/\\\/www.humanium.org\\\/fr\\\/la-violence-et-la-maltraitance-envers-les-enfants-migrants-dans-les-centres-de-detention-en-libye\\\/\",\"name\":\"La violence et la maltraitance envers les enfants migrants dans les centres de d\u00e9tention en Libye - Humanium\",\"isPartOf\":{\"@id\":\"https:\\\/\\\/www.humanium.org\\\/fr\\\/#website\"},\"primaryImageOfPage\":{\"@id\":\"https:\\\/\\\/www.humanium.org\\\/fr\\\/la-violence-et-la-maltraitance-envers-les-enfants-migrants-dans-les-centres-de-detention-en-libye\\\/#primaryimage\"},\"image\":{\"@id\":\"https:\\\/\\\/www.humanium.org\\\/fr\\\/la-violence-et-la-maltraitance-envers-les-enfants-migrants-dans-les-centres-de-detention-en-libye\\\/#primaryimage\"},\"thumbnailUrl\":\"https:\\\/\\\/www.humanium.org\\\/fr\\\/wp-content\\\/uploads\\\/2025\\\/03\\\/shutterstock_1422475490-scaled.jpg\",\"datePublished\":\"2025-03-04T19:36:31+00:00\",\"dateModified\":\"2026-08-21T03:19:43+00:00\",\"author\":{\"@id\":\"https:\\\/\\\/www.humanium.org\\\/fr\\\/#\\\/schema\\\/person\\\/d798d6c7d59ba2307e0877f61a20ce3e\"},\"description\":\"Des rapports faisant \u00e9tat d'abus et de tortures ont \u00e9t\u00e9 publi\u00e9s dans des centres de d\u00e9tention en Libye o\u00f9 des enfants migrants sont d\u00e9tenus de force.\",\"breadcrumb\":{\"@id\":\"https:\\\/\\\/www.humanium.org\\\/fr\\\/la-violence-et-la-maltraitance-envers-les-enfants-migrants-dans-les-centres-de-detention-en-libye\\\/#breadcrumb\"},\"inLanguage\":\"fr-FR\",\"potentialAction\":[{\"@type\":\"ReadAction\",\"target\":[\"https:\\\/\\\/www.humanium.org\\\/fr\\\/la-violence-et-la-maltraitance-envers-les-enfants-migrants-dans-les-centres-de-detention-en-libye\\\/\"]}]},{\"@type\":\"ImageObject\",\"inLanguage\":\"fr-FR\",\"@id\":\"https:\\\/\\\/www.humanium.org\\\/fr\\\/la-violence-et-la-maltraitance-envers-les-enfants-migrants-dans-les-centres-de-detention-en-libye\\\/#primaryimage\",\"url\":\"https:\\\/\\\/www.humanium.org\\\/fr\\\/wp-content\\\/uploads\\\/2025\\\/03\\\/shutterstock_1422475490-scaled.jpg\",\"contentUrl\":\"https:\\\/\\\/www.humanium.org\\\/fr\\\/wp-content\\\/uploads\\\/2025\\\/03\\\/shutterstock_1422475490-scaled.jpg\",\"width\":2560,\"height\":1709},{\"@type\":\"BreadcrumbList\",\"@id\":\"https:\\\/\\\/www.humanium.org\\\/fr\\\/la-violence-et-la-maltraitance-envers-les-enfants-migrants-dans-les-centres-de-detention-en-libye\\\/#breadcrumb\",\"itemListElement\":[{\"@type\":\"ListItem\",\"position\":1,\"name\":\"Home\",\"item\":\"https:\\\/\\\/www.humanium.org\\\/fr\\\/\"},{\"@type\":\"ListItem\",\"position\":2,\"name\":\"La violence et la maltraitance envers les enfants migrants dans les centres de d\u00e9tention en Libye\"}]},{\"@type\":\"WebSite\",\"@id\":\"https:\\\/\\\/www.humanium.org\\\/fr\\\/#website\",\"url\":\"https:\\\/\\\/www.humanium.org\\\/fr\\\/\",\"name\":\"Humanium\",\"description\":\"Les enfants d\u2019abord !\",\"potentialAction\":[{\"@type\":\"SearchAction\",\"target\":{\"@type\":\"EntryPoint\",\"urlTemplate\":\"https:\\\/\\\/www.humanium.org\\\/fr\\\/?s={search_term_string}\"},\"query-input\":{\"@type\":\"PropertyValueSpecification\",\"valueRequired\":true,\"valueName\":\"search_term_string\"}}],\"inLanguage\":\"fr-FR\"},{\"@type\":\"Person\",\"@id\":\"https:\\\/\\\/www.humanium.org\\\/fr\\\/#\\\/schema\\\/person\\\/d798d6c7d59ba2307e0877f61a20ce3e\",\"name\":\"Humanium\",\"image\":{\"@type\":\"ImageObject\",\"inLanguage\":\"fr-FR\",\"@id\":\"https:\\\/\\\/secure.gravatar.com\\\/avatar\\\/22715e338d2fcc547e3a431c4738360d33fea2a4af458f865b2c3b22f1eaa51f?s=96&d=mm&r=g\",\"url\":\"https:\\\/\\\/secure.gravatar.com\\\/avatar\\\/22715e338d2fcc547e3a431c4738360d33fea2a4af458f865b2c3b22f1eaa51f?s=96&d=mm&r=g\",\"contentUrl\":\"https:\\\/\\\/secure.gravatar.com\\\/avatar\\\/22715e338d2fcc547e3a431c4738360d33fea2a4af458f865b2c3b22f1eaa51f?s=96&d=mm&r=g\",\"caption\":\"Humanium\"},\"url\":\"https:\\\/\\\/www.humanium.org\\\/fr\\\/author\\\/humanium\\\/\"}]}<\/script>\n<!-- \/ Yoast SEO plugin. -->","yoast_head_json":{"title":"La violence et la maltraitance envers les enfants migrants dans les centres de d\u00e9tention en Libye - Humanium","description":"Des rapports faisant \u00e9tat d'abus et de tortures ont \u00e9t\u00e9 publi\u00e9s dans des centres de d\u00e9tention en Libye o\u00f9 des enfants migrants sont d\u00e9tenus de force.","robots":{"index":"index","follow":"follow","max-snippet":"max-snippet:-1","max-image-preview":"max-image-preview:large","max-video-preview":"max-video-preview:-1"},"canonical":"https:\/\/www.humanium.org\/fr\/la-violence-et-la-maltraitance-envers-les-enfants-migrants-dans-les-centres-de-detention-en-libye\/","og_locale":"fr_FR","og_type":"article","og_title":"La violence et la maltraitance envers les enfants migrants dans les centres de d\u00e9tention en Libye - Humanium","og_description":"Des rapports faisant \u00e9tat d'abus et de tortures ont \u00e9t\u00e9 publi\u00e9s dans des centres de d\u00e9tention en Libye o\u00f9 des enfants migrants sont d\u00e9tenus de force.","og_url":"https:\/\/www.humanium.org\/fr\/la-violence-et-la-maltraitance-envers-les-enfants-migrants-dans-les-centres-de-detention-en-libye\/","og_site_name":"Humanium","article_published_time":"2025-03-04T19:36:31+00:00","article_modified_time":"2026-08-21T03:19:43+00:00","og_image":[{"width":2560,"height":1709,"url":"https:\/\/www.humanium.org\/fr\/wp-content\/uploads\/2025\/03\/shutterstock_1422475490-scaled.jpg","type":"image\/jpeg"}],"author":"Humanium","twitter_card":"summary_large_image","twitter_misc":{"\u00c9crit par":"Humanium","Dur\u00e9e de lecture estim\u00e9e":"12 minutes"},"schema":{"@context":"https:\/\/schema.org","@graph":[{"@type":"Article","@id":"https:\/\/www.humanium.org\/fr\/la-violence-et-la-maltraitance-envers-les-enfants-migrants-dans-les-centres-de-detention-en-libye\/#article","isPartOf":{"@id":"https:\/\/www.humanium.org\/fr\/la-violence-et-la-maltraitance-envers-les-enfants-migrants-dans-les-centres-de-detention-en-libye\/"},"author":{"name":"Humanium","@id":"https:\/\/www.humanium.org\/fr\/#\/schema\/person\/d798d6c7d59ba2307e0877f61a20ce3e"},"headline":"La violence et la maltraitance envers les enfants migrants dans les centres de d\u00e9tention en Libye","datePublished":"2025-03-04T19:36:31+00:00","dateModified":"2026-08-21T03:19:43+00:00","mainEntityOfPage":{"@id":"https:\/\/www.humanium.org\/fr\/la-violence-et-la-maltraitance-envers-les-enfants-migrants-dans-les-centres-de-detention-en-libye\/"},"wordCount":2478,"image":{"@id":"https:\/\/www.humanium.org\/fr\/la-violence-et-la-maltraitance-envers-les-enfants-migrants-dans-les-centres-de-detention-en-libye\/#primaryimage"},"thumbnailUrl":"https:\/\/www.humanium.org\/fr\/wp-content\/uploads\/2025\/03\/shutterstock_1422475490-scaled.jpg","articleSection":["Droits des enfants","Droits humains","Exploitation","Migration","R\u00e9fugi\u00e9s","violence"],"inLanguage":"fr-FR"},{"@type":"WebPage","@id":"https:\/\/www.humanium.org\/fr\/la-violence-et-la-maltraitance-envers-les-enfants-migrants-dans-les-centres-de-detention-en-libye\/","url":"https:\/\/www.humanium.org\/fr\/la-violence-et-la-maltraitance-envers-les-enfants-migrants-dans-les-centres-de-detention-en-libye\/","name":"La violence et la maltraitance envers les enfants migrants dans les centres de d\u00e9tention en Libye - Humanium","isPartOf":{"@id":"https:\/\/www.humanium.org\/fr\/#website"},"primaryImageOfPage":{"@id":"https:\/\/www.humanium.org\/fr\/la-violence-et-la-maltraitance-envers-les-enfants-migrants-dans-les-centres-de-detention-en-libye\/#primaryimage"},"image":{"@id":"https:\/\/www.humanium.org\/fr\/la-violence-et-la-maltraitance-envers-les-enfants-migrants-dans-les-centres-de-detention-en-libye\/#primaryimage"},"thumbnailUrl":"https:\/\/www.humanium.org\/fr\/wp-content\/uploads\/2025\/03\/shutterstock_1422475490-scaled.jpg","datePublished":"2025-03-04T19:36:31+00:00","dateModified":"2026-08-21T03:19:43+00:00","author":{"@id":"https:\/\/www.humanium.org\/fr\/#\/schema\/person\/d798d6c7d59ba2307e0877f61a20ce3e"},"description":"Des rapports faisant \u00e9tat d'abus et de tortures ont \u00e9t\u00e9 publi\u00e9s dans des centres de d\u00e9tention en Libye o\u00f9 des enfants migrants sont d\u00e9tenus de force.","breadcrumb":{"@id":"https:\/\/www.humanium.org\/fr\/la-violence-et-la-maltraitance-envers-les-enfants-migrants-dans-les-centres-de-detention-en-libye\/#breadcrumb"},"inLanguage":"fr-FR","potentialAction":[{"@type":"ReadAction","target":["https:\/\/www.humanium.org\/fr\/la-violence-et-la-maltraitance-envers-les-enfants-migrants-dans-les-centres-de-detention-en-libye\/"]}]},{"@type":"ImageObject","inLanguage":"fr-FR","@id":"https:\/\/www.humanium.org\/fr\/la-violence-et-la-maltraitance-envers-les-enfants-migrants-dans-les-centres-de-detention-en-libye\/#primaryimage","url":"https:\/\/www.humanium.org\/fr\/wp-content\/uploads\/2025\/03\/shutterstock_1422475490-scaled.jpg","contentUrl":"https:\/\/www.humanium.org\/fr\/wp-content\/uploads\/2025\/03\/shutterstock_1422475490-scaled.jpg","width":2560,"height":1709},{"@type":"BreadcrumbList","@id":"https:\/\/www.humanium.org\/fr\/la-violence-et-la-maltraitance-envers-les-enfants-migrants-dans-les-centres-de-detention-en-libye\/#breadcrumb","itemListElement":[{"@type":"ListItem","position":1,"name":"Home","item":"https:\/\/www.humanium.org\/fr\/"},{"@type":"ListItem","position":2,"name":"La violence et la maltraitance envers les enfants migrants dans les centres de d\u00e9tention en Libye"}]},{"@type":"WebSite","@id":"https:\/\/www.humanium.org\/fr\/#website","url":"https:\/\/www.humanium.org\/fr\/","name":"Humanium","description":"Les enfants d\u2019abord !","potentialAction":[{"@type":"SearchAction","target":{"@type":"EntryPoint","urlTemplate":"https:\/\/www.humanium.org\/fr\/?s={search_term_string}"},"query-input":{"@type":"PropertyValueSpecification","valueRequired":true,"valueName":"search_term_string"}}],"inLanguage":"fr-FR"},{"@type":"Person","@id":"https:\/\/www.humanium.org\/fr\/#\/schema\/person\/d798d6c7d59ba2307e0877f61a20ce3e","name":"Humanium","image":{"@type":"ImageObject","inLanguage":"fr-FR","@id":"https:\/\/secure.gravatar.com\/avatar\/22715e338d2fcc547e3a431c4738360d33fea2a4af458f865b2c3b22f1eaa51f?s=96&d=mm&r=g","url":"https:\/\/secure.gravatar.com\/avatar\/22715e338d2fcc547e3a431c4738360d33fea2a4af458f865b2c3b22f1eaa51f?s=96&d=mm&r=g","contentUrl":"https:\/\/secure.gravatar.com\/avatar\/22715e338d2fcc547e3a431c4738360d33fea2a4af458f865b2c3b22f1eaa51f?s=96&d=mm&r=g","caption":"Humanium"},"url":"https:\/\/www.humanium.org\/fr\/author\/humanium\/"}]}},"_links":{"self":[{"href":"https:\/\/www.humanium.org\/fr\/wp-json\/wp\/v2\/posts\/58179","targetHints":{"allow":["GET"]}}],"collection":[{"href":"https:\/\/www.humanium.org\/fr\/wp-json\/wp\/v2\/posts"}],"about":[{"href":"https:\/\/www.humanium.org\/fr\/wp-json\/wp\/v2\/types\/post"}],"author":[{"embeddable":true,"href":"https:\/\/www.humanium.org\/fr\/wp-json\/wp\/v2\/users\/69"}],"replies":[{"embeddable":true,"href":"https:\/\/www.humanium.org\/fr\/wp-json\/wp\/v2\/comments?post=58179"}],"version-history":[{"count":7,"href":"https:\/\/www.humanium.org\/fr\/wp-json\/wp\/v2\/posts\/58179\/revisions"}],"predecessor-version":[{"id":62670,"href":"https:\/\/www.humanium.org\/fr\/wp-json\/wp\/v2\/posts\/58179\/revisions\/62670"}],"wp:featuredmedia":[{"embeddable":true,"href":"https:\/\/www.humanium.org\/fr\/wp-json\/wp\/v2\/media\/58185"}],"wp:attachment":[{"href":"https:\/\/www.humanium.org\/fr\/wp-json\/wp\/v2\/media?parent=58179"}],"wp:term":[{"taxonomy":"category","embeddable":true,"href":"https:\/\/www.humanium.org\/fr\/wp-json\/wp\/v2\/categories?post=58179"},{"taxonomy":"post_tag","embeddable":true,"href":"https:\/\/www.humanium.org\/fr\/wp-json\/wp\/v2\/tags?post=58179"}],"curies":[{"name":"wp","href":"https:\/\/api.w.org\/{rel}","templated":true}]}}