{"id":58199,"date":"2025-03-11T18:39:26","date_gmt":"2025-03-11T18:39:26","guid":{"rendered":"https:\/\/www.humanium.org\/fr\/?p=58199"},"modified":"2026-08-21T03:22:59","modified_gmt":"2026-08-21T03:22:59","slug":"les-enfants-du-liban-au-lendemain-des-hostilites-de-2024","status":"publish","type":"post","link":"https:\/\/www.humanium.org\/fr\/les-enfants-du-liban-au-lendemain-des-hostilites-de-2024\/","title":{"rendered":"Les enfants du Liban au lendemain des hostilit\u00e9s de 2024\u00a0"},"content":{"rendered":"\n<p class=\"wp-block-paragraph\"><strong>Les enfants du Liban ont subi les cons\u00e9quences d\u00e9vastatrices des hostilit\u00e9s de 2024. L&rsquo;escalade de la violence a entra\u00een\u00e9 des pertes en vies humaines, des blessures et des d\u00e9placements massifs parmi les membres les plus jeunes et les plus vuln\u00e9rables de la soci\u00e9t\u00e9. Au-del\u00e0 des dangers physiques imm\u00e9diats, ces enfants sont confront\u00e9s \u00e0 des d\u00e9fis \u00e0 long terme, notamment des <\/strong><a href=\"https:\/\/www.humanium.org\/fr\/tspt-chez-les-enfants-et-adolescents\/\"><strong>traumatismes<\/strong><\/a><strong> psychologiques, des perturbations de <\/strong><a href=\"https:\/\/www.humanium.org\/fr\/comprendre-droits-enfant\/droit-a-l-education\/\"><strong>l&rsquo;\u00e9ducation<\/strong><\/a><strong> et un bien-\u00eatre g\u00e9n\u00e9ral menac\u00e9.&nbsp;<\/strong><\/p>\n\n\n\n<h2 class=\"wp-block-heading\"><strong>Historique des hostilit\u00e9s&nbsp;<\/strong><\/h2>\n\n\n\n<p class=\"wp-block-paragraph\">L&rsquo;histoire du <a href=\"https:\/\/www.humanium.org\/fr\/liban\/\">Liban<\/a> est complexe et marqu\u00e9e par des p\u00e9riodes de conflit et d&rsquo;instabilit\u00e9 politique. La guerre civile libanaise (1975-1990) a fortement \u00e9branl\u00e9 la situation sociale et politique du pays (Ochsenwald &amp; Kingston, 2025). Dans les ann\u00e9es qui ont suivi, le Liban a connu des conflits intermittents, notamment la <a href=\"https:\/\/www.humanium.org\/fr\/enfants-dans-la-guerre\/\">guerre<\/a> de 2006 entre le Hezbollah et <a href=\"https:\/\/www.humanium.org\/fr\/israel\/\">Isra\u00ebl<\/a>, qui a fait de nombreuses victimes civiles et endommag\u00e9 les infrastructures du pays (Britannica, n.d.).&nbsp;<\/p>\n\n\n\n<p class=\"wp-block-paragraph\">Ces derni\u00e8res ann\u00e9es, les tensions \u00e0 la fronti\u00e8re sud du Liban se sont aggrav\u00e9es, provoquant une reprise des hostilit\u00e9s. \u00c0 partir d&rsquo;octobre 2023, les conflits transfrontaliers se sont intensifi\u00e9s, entra\u00eenant des frappes a\u00e9riennes et des engagements militaires quasi-quotidiens. Petit \u00e0 petit, ces hostilit\u00e9s ont p\u00e9n\u00e9tr\u00e9 plus profond\u00e9ment dans le territoire libanais, provoquant de nombreux <a href=\"https:\/\/www.humanium.org\/fr\/enfants-deplaces\">d\u00e9placements<\/a> d\u2019enfants et des pertes civiles. La situation s&rsquo;est encore d\u00e9t\u00e9rior\u00e9e \u00e0 la mi-septembre 2024, avec une augmentation significative de la violence affectant de nombreuses communaut\u00e9s \u00e0 travers le pays.&nbsp;<\/p>\n\n\n\n<h2 class=\"wp-block-heading\"><strong>Impact sur les enfants : Victimes et d\u00e9placements&nbsp;<\/strong><\/h2>\n\n\n\n<p class=\"wp-block-paragraph\">L&rsquo;escalade des hostilit\u00e9s en 2024 a mis les enfants libanais en danger physique imm\u00e9diat. Selon les rapports, entre la mi-septembre et le 22 octobre 2024, la situation s\u2019est d\u00e9t\u00e9rior\u00e9e et on compte plus de 1 088 enfants bless\u00e9s et 155 tu\u00e9s (Unicef USA, 30 octobre 2024).&nbsp;<\/p>\n\n\n\n<p class=\"wp-block-paragraph\">La violence a \u00e9galement entra\u00een\u00e9 d&rsquo;importants d\u00e9placements d\u2019enfants. Des rapports indiquent que plus de 400 000 enfants ont d\u00fb quitter leur foyer en raison du conflit en cours (ReliefWeb, 2 octobre 2024). Ces d\u00e9placements massifs ont perturb\u00e9 leur acc\u00e8s non seulement \u00e0 l&rsquo;\u00e9ducation, aux <a href=\"https:\/\/www.humanium.org\/fr\/comprendre-droits-enfant\/droit-a-la-sante\/\">soins de sant\u00e9<\/a> et aux services essentiels, mais aussi \u00e0 la <a href=\"https:\/\/www.humanium.org\/fr\/droit-a-l-alimentation-3\/\">nourriture<\/a>.&nbsp;<\/p>\n\n\n\n<h2 class=\"wp-block-heading\"><strong>La crise alimentaire et ses cons\u00e9quences d\u00e9sastreuses&nbsp;<\/strong><\/h2>\n\n\n\n<p class=\"wp-block-paragraph\">On estime qu&rsquo;environ 29 % des enfants libanais souffraient de la <a href=\"https:\/\/www.humanium.org\/fr\/enfants-face-a-la-famine-une-crise-alimentaire-sans-precedent-en-haiti\/\">famine<\/a>en janvier 2025. Cela repr\u00e9sente une augmentation de pr\u00e8s de 5 % de la famine chez les enfants entre octobre 2024 et janvier 2025. L&rsquo;escalade du conflit a gravement endommag\u00e9 la production agricole et les cha\u00eenes d&rsquo;approvisionnement, ce qui a entra\u00een\u00e9 une mont\u00e9e en fl\u00e8che des prix des denr\u00e9es alimentaires et une diminution de la disponibilit\u00e9 des produits de premi\u00e8re n\u00e9cessit\u00e9. Par cons\u00e9quent, de nombreuses familles ne sont pas en mesure de fournir une alimentation suffisante \u00e0 leurs enfants (ReliefWeb, 2025).&nbsp;<\/p>\n\n\n\n<p class=\"wp-block-paragraph\">Environ 1,65 million de personnes risquent d\u2019\u00eatre confront\u00e9es \u00e0 des niveaux d&rsquo;ins\u00e9curit\u00e9 alimentaire critiques entre d\u00e9cembre 2024 et mars 2025. Ce chiffre inclut environ 526 000 enfants.<\/p>\n\n\n\n<p class=\"wp-block-paragraph\">Cette d\u00e9t\u00e9rioration est principalement li\u00e9e \u00e0 l&rsquo;impact combin\u00e9 du conflit et des d\u00e9placements massifs de population sur divers secteurs de l&rsquo;\u00e9conomie libanaise, ce qui aggrave encore la profonde <a href=\"https:\/\/www.humanium.org\/fr\/enfants-pauvres\/\">crise \u00e9conomique<\/a> (IPC, 2025).<\/p>\n\n\n\n<p class=\"wp-block-paragraph\">L&rsquo;aggravation de la crise de la faim a contraint certaines familles \u00e0 se tourner vers des m\u00e9canismes de survie extr\u00eames, dont le travail des enfants, pour r\u00e9pondre \u00e0 leurs besoins fondamentaux. Cela compromet non seulement la sant\u00e9 et le d\u00e9veloppement des enfants, mais les expose \u00e9galement \u00e0 l&rsquo;exploitation et aux <a href=\"https:\/\/www.humanium.org\/fr\/la-maltraitance-des-enfants\/\">abus<\/a> (Middle East Monitor, 2025).<\/p>\n\n\n\n<h2 class=\"wp-block-heading\"><strong>Abris inad\u00e9quats et risques pour la sant\u00e9<\/strong><\/h2>\n\n\n\n<p class=\"wp-block-paragraph\">Au cours des hostilit\u00e9s de 2024, les enfants libanais ont \u00e9t\u00e9 contraints de se r\u00e9fugier sous diverses formes d\u2019abris. Environ 400 000 enfants ont \u00e9t\u00e9 <a href=\"https:\/\/www.humanium.org\/fr\/enfants-deplaces\/\">d\u00e9plac\u00e9s<\/a> \u00e0 la fin du mois d&rsquo;octobre 2024, beaucoup d&rsquo;entre eux cherchant refuge dans des abris temporaires, des \u00e9coles publiques ou des familles d&rsquo;accueil. Certaines familles n&rsquo;ont eu d&rsquo;autre choix que de monter des tentes sur le front de mer ou dans la rue (Unicef, 23 octobre 2024).<\/p>\n\n\n\n<p class=\"wp-block-paragraph\">Les conditions de vie dans ces abris sont difficiles. En octobre 2024, plus de 154 000 personnes d\u00e9plac\u00e9es avaient \u00e9t\u00e9 plac\u00e9es dans 851 abris actifs, dont des \u00e9coles publiques, 70% d&rsquo;entre eux ayant d\u00e9j\u00e0 atteint leur pleine capacit\u00e9. Seules certaines personnes disposaient de douches, d&rsquo;installations sanitaires, d&rsquo;eau chaude et de chauffage. D&rsquo;autres \u00e9taient h\u00e9berg\u00e9es dans des familles d&rsquo;accueil, souvent dans des maisons surpeupl\u00e9es (ReliefWeb, 2024).<\/p>\n\n\n\n<p class=\"wp-block-paragraph\">Le manque d&rsquo;abris appropri\u00e9s expose les enfants \u00e0 de nombreux dangers, notamment les risques <a href=\"https:\/\/www.humanium.org\/fr\/enfants-malades\/\">sanitaires<\/a> li\u00e9s \u00e0 un mauvais assainissement de l\u2019eau et \u00e0 la propagation de maladies infectieuses. Les enfants du Liban sont de plus en plus expos\u00e9s aux probl\u00e8mes de sant\u00e9 et au manque de protection, notamment aux maladies d&rsquo;origine hydrique comme le chol\u00e9ra, l&rsquo;h\u00e9patite et la diarrh\u00e9e.<\/p>\n\n\n\n<p class=\"wp-block-paragraph\">En janvier 2025, la situation restait critique. Si certaines personnes d\u00e9plac\u00e9es sont retourn\u00e9es dans leur r\u00e9gion d&rsquo;origine, beaucoup sont rest\u00e9es dans des abris temporaires. L&rsquo;Organisation internationale pour les migrations (OIM) rapporte qu&rsquo;environ 883 203 personnes sont retourn\u00e9es dans leur r\u00e9gion d&rsquo;origine, tandis que 103 346 personnes sont toujours d\u00e9plac\u00e9es. Parmi les d\u00e9plac\u00e9s, 3 055 personnes sont enregistr\u00e9es dans 38 sites collectifs, principalement des \u00e9coles ou d&rsquo;autres b\u00e2timents publics et priv\u00e9s (OIM, 2025).<\/p>\n\n\n\n<h2 class=\"wp-block-heading\"><strong>Apprendre au milieu des ruines&nbsp;<\/strong><\/h2>\n\n\n\n<p class=\"wp-block-paragraph\">M\u00eame avant l&rsquo;escalade des hostilit\u00e9s, le syst\u00e8me <a href=\"https:\/\/www.humanium.org\/fr\/comprendre-droits-enfant\/droit-a-l-education\/\">d&rsquo;\u00e9ducation<\/a> publique du Liban \u00e9tait mis \u00e0 rude \u00e9preuve. Le plan quinquennal d&rsquo;\u00e9ducation g\u00e9n\u00e9rale (2021-2025) du minist\u00e8re de l&rsquo;\u00c9ducation et de l&rsquo;Enseignement sup\u00e9rieur pr\u00e9voyait une augmentation du nombre d\u2019\u00e9l\u00e8ves inscrit r\u00e9sultant en un total de 540 000 inscrits dans les \u00e9coles publiques d&rsquo;ici 2025, ce qui exercerait une pression sans pr\u00e9c\u00e9dent sur les infrastructures existantes (minist\u00e8re de l&rsquo;\u00c9ducation et de l&rsquo;Enseignement sup\u00e9rieur du Liban, 2021). Les hostilit\u00e9s de 2024 ont encore exacerb\u00e9 ces d\u00e9fis, entra\u00eenant des classes surcharg\u00e9es et des ressources limit\u00e9es.<\/p>\n\n\n\n<figure class=\"wp-block-image size-large\"><img loading=\"lazy\" decoding=\"async\" width=\"1024\" height=\"768\" src=\"https:\/\/www.humanium.org\/fr\/wp-content\/uploads\/2025\/03\/shutterstock_2577795949-1024x768.jpg\" alt=\"\" class=\"wp-image-58200\" srcset=\"https:\/\/www.humanium.org\/fr\/wp-content\/uploads\/2025\/03\/shutterstock_2577795949-1024x768.jpg 1024w, https:\/\/www.humanium.org\/fr\/wp-content\/uploads\/2025\/03\/shutterstock_2577795949-300x225.jpg 300w, https:\/\/www.humanium.org\/fr\/wp-content\/uploads\/2025\/03\/shutterstock_2577795949-768x576.jpg 768w, https:\/\/www.humanium.org\/fr\/wp-content\/uploads\/2025\/03\/shutterstock_2577795949-1536x1152.jpg 1536w, https:\/\/www.humanium.org\/fr\/wp-content\/uploads\/2025\/03\/shutterstock_2577795949-2048x1536.jpg 2048w, https:\/\/www.humanium.org\/fr\/wp-content\/uploads\/2025\/03\/shutterstock_2577795949-830x623.jpg 830w, https:\/\/www.humanium.org\/fr\/wp-content\/uploads\/2025\/03\/shutterstock_2577795949-230x173.jpg 230w, https:\/\/www.humanium.org\/fr\/wp-content\/uploads\/2025\/03\/shutterstock_2577795949-350x263.jpg 350w, https:\/\/www.humanium.org\/fr\/wp-content\/uploads\/2025\/03\/shutterstock_2577795949-480x360.jpg 480w\" sizes=\"auto, (max-width: 1024px) 100vw, 1024px\" \/><\/figure>\n\n\n\n<p class=\"wp-block-paragraph\">Avec pr\u00e8s de 60% des \u00e9coles publiques servant d&rsquo;abris aux familles d\u00e9plac\u00e9es pendant les hostilit\u00e9s et des centaines d&rsquo;entre elles \u00e9tant d\u00e9truites et inaccessibles pour des raisons de s\u00e9curit\u00e9, le d\u00e9but de la nouvelle ann\u00e9e scolaire de 2024 a \u00e9t\u00e9 report\u00e9 (Unicef USA, 16 octobre 2024). En novembre 2024, le minist\u00e8re libanais de l&rsquo;\u00e9ducation a lanc\u00e9 un plan de r\u00e9ouverture des \u00e9coles publiques pour inscrire 175 000 \u00e9l\u00e8ves, dont 38 000 enfants d\u00e9plac\u00e9s, dans 350 \u00e9coles non utilis\u00e9es comme abris.<\/p>\n\n\n\n<p class=\"wp-block-paragraph\">Cependant, les horaires ont d\u00fb \u00eatre comprim\u00e9s, souvent avec des semaines de travail de trois jours. De plus, les enseignants et les enfants sont \u00e9puis\u00e9s <a href=\"https:\/\/www.humanium.org\/fr\/le-bien-etre-mental-des-enfants\/\">mentalement<\/a> et beaucoup d&rsquo;entre eux ne sont pas pr\u00eats \u00e0 retourner \u00e0 l&rsquo;\u00e9cole. Un autre point pr\u00e9occupant est le fait que la r\u00e9ouverture des \u00e9coles est un plan \u00e9chelonn\u00e9, ce qui signifie en pratique que certains enfants ont eu acc\u00e8s \u00e0 l&rsquo;\u00e9ducation en janvier 2025, alors que d&rsquo;autres n&rsquo;y ont pas eu acc\u00e8s (Stezycki &amp; Alkousaa, 2024).<\/p>\n\n\n\n<h2 class=\"wp-block-heading\"><strong>Une action urgente s&rsquo;impose&nbsp;<\/strong><\/h2>\n\n\n\n<p class=\"wp-block-paragraph\">Compte tenu du risque de <a href=\"https:\/\/www.humanium.org\/fr\/comprendre-droits-enfant\/droit-a-l-alimentation\/\">famine<\/a>, d&rsquo;exploitation et de <a href=\"https:\/\/www.humanium.org\/fr\/la-maltraitance-des-enfants\/\">maltraitance<\/a> des enfants, du nombre d&rsquo;enfants toujours d\u00e9plac\u00e9s, de la grave perturbation de l&rsquo;\u00e9ducation et de nombreux autres facteurs de risque, il est \u00e9vident que les enfants libanais ont besoin d&rsquo;une aide urgente et compl\u00e8te. Plus important encore, il faut veiller \u00e0 ce que le cessez-le-feu sign\u00e9 en novembre 2024 reste en vigueur.<\/p>\n\n\n\n<p class=\"wp-block-paragraph\">Le Liban et la communaut\u00e9 internationale doivent donner la priorit\u00e9 au financement des programmes d&rsquo;aide d&rsquo;urgence qui r\u00e9pondent sp\u00e9cifiquement aux besoins des enfants. Il s&rsquo;agit notamment d&rsquo;orienter l&rsquo;aide financi\u00e8re vers la reconstruction des \u00e9coles endommag\u00e9es, de fournir des services de soutien psychologique et de veiller \u00e0 ce que les familles <a href=\"https:\/\/www.humanium.org\/fr\/enfants-deplaces\/\">d\u00e9plac\u00e9es<\/a> b\u00e9n\u00e9ficient d&rsquo;un h\u00e9bergement et d&rsquo;une alimentation ad\u00e9quats jusqu&rsquo;\u00e0 ce qu&rsquo;elles soient en mesure de rentrer chez elles et de reprendre leur vie en main.<\/p>\n\n\n\n<p class=\"wp-block-paragraph\">Les pays influents sur le plan diplomatique devraient \u00e9galement faire pression pour la mise en place de corridors humanitaires, afin que l&rsquo;aide parvienne plus efficacement dans les r\u00e9gions touch\u00e9es. Cela concerne en particulier l&rsquo;aide <a href=\"https:\/\/www.humanium.org\/fr\/enfants-face-a-la-famine-une-crise-alimentaire-sans-precedent-en-haiti\/\">nutritionnelle<\/a>, dont le pronostic pour 2025 reste sombre.<\/p>\n\n\n\n<p class=\"wp-block-paragraph\">Il est imp\u00e9ratif que les enfants commencent \u00e0 se r\u00e9tablir physiquement et psychologiquement d\u00e8s que possible. Si la mise en \u0153uvre progressive du plan de r\u00e9ouverture des \u00e9coles et le retour graduel des personnes dans leurs foyers sont des \u00e9tapes encourageantes vers la stabilisation de la situation, il est n\u00e9cessaire d&rsquo;acc\u00e9l\u00e9rer ces processus.<\/p>\n\n\n\n<p class=\"wp-block-paragraph\">Les programmes de protection de l&rsquo;enfance men\u00e9s par les ONG et les organisations internationales doivent \u00eatre \u00e9tendus, en particulier dans les zones o\u00f9 les d\u00e9placements ont entra\u00een\u00e9 une surpopulation dans les abris et les \u00e9coles. Pour ce faire, il convient de cr\u00e9er des classes mobiles dans les abris temporaires, de recruter et de former des enseignants suppl\u00e9mentaires pour compenser les perturbations de l&rsquo;enseignement et de mettre en place des espaces adapt\u00e9s aux enfants pour leur apporter un soutien psychologique et social.<\/p>\n\n\n\n<p class=\"wp-block-paragraph\">La distribution de fournitures essentielles telles que des v\u00eatements d&rsquo;hiver, des kits d&rsquo;hygi\u00e8ne et des suppl\u00e9ments nutritionnels pour pr\u00e9venir les \u00e9pid\u00e9mies et la <a href=\"https:\/\/www.humanium.org\/fr\/comprendre-droits-enfant\/droit-a-l-alimentation\/malnutrition\/\">malnutrition<\/a> chez les enfants d\u00e9plac\u00e9s est \u00e9galement d&rsquo;une importance cruciale.<\/p>\n\n\n\n<figure class=\"wp-block-image size-large\"><img loading=\"lazy\" decoding=\"async\" width=\"1024\" height=\"683\" src=\"https:\/\/www.humanium.org\/fr\/wp-content\/uploads\/2025\/03\/shutterstock_2469749173-1024x683.jpg\" alt=\"\" class=\"wp-image-58201\" srcset=\"https:\/\/www.humanium.org\/fr\/wp-content\/uploads\/2025\/03\/shutterstock_2469749173-1024x683.jpg 1024w, https:\/\/www.humanium.org\/fr\/wp-content\/uploads\/2025\/03\/shutterstock_2469749173-300x200.jpg 300w, https:\/\/www.humanium.org\/fr\/wp-content\/uploads\/2025\/03\/shutterstock_2469749173-768x512.jpg 768w, https:\/\/www.humanium.org\/fr\/wp-content\/uploads\/2025\/03\/shutterstock_2469749173-1536x1024.jpg 1536w, https:\/\/www.humanium.org\/fr\/wp-content\/uploads\/2025\/03\/shutterstock_2469749173-2048x1365.jpg 2048w, https:\/\/www.humanium.org\/fr\/wp-content\/uploads\/2025\/03\/shutterstock_2469749173-830x553.jpg 830w, https:\/\/www.humanium.org\/fr\/wp-content\/uploads\/2025\/03\/shutterstock_2469749173-230x153.jpg 230w, https:\/\/www.humanium.org\/fr\/wp-content\/uploads\/2025\/03\/shutterstock_2469749173-350x233.jpg 350w, https:\/\/www.humanium.org\/fr\/wp-content\/uploads\/2025\/03\/shutterstock_2469749173-480x320.jpg 480w, https:\/\/www.humanium.org\/fr\/wp-content\/uploads\/2025\/03\/shutterstock_2469749173-272x182.jpg 272w\" sizes=\"auto, (max-width: 1024px) 100vw, 1024px\" \/><\/figure>\n\n\n\n<p class=\"wp-block-paragraph\">Enfin, les individus peuvent \u00e9galement avoir un impact significatif en contribuant de mani\u00e8re cibl\u00e9e etconcr\u00e8te. Chez Humanium, nous nous engageons \u00e0 prot\u00e9ger les enfants en situation critique dans le monde entier, en particulier ceux qui ne sont pas en mesure de d\u00e9fendre leurs int\u00e9r\u00eats. Vous pouvez soutenir notre travail en faisant un don, en parrainant un enfant ou en devenant b\u00e9n\u00e9vole.<\/p>\n\n\n\n<p class=\"wp-block-paragraph\"><em><strong>\u00c9crit par Zeljka Mazinjanin<\/strong><\/em><\/p>\n\n\n\n<p class=\"wp-block-paragraph\"><em><strong>Traduit par Alex Macpherson<\/strong><\/em><\/p>\n\n\n\n<p class=\"wp-block-paragraph\"><em><strong>Relu par Line Goddi<\/strong><\/em><\/p>\n\n\n\n<h4 class=\"wp-block-heading\"><strong>R\u00e9f\u00e9rence :&nbsp;<\/strong><\/h4>\n\n\n\n<p class=\"has-small-font-size wp-block-paragraph\">Britannica (n.d.), 2006 Lebanon War. Retrieved from Britannica, available at <a href=\"https:\/\/www.britannica.com\/event\/2006-Lebanon-War\" target=\"_blank\" rel=\"noreferrer noopener\">https:\/\/www.britannica.com\/event\/2006-Lebanon-War<\/a>, accessed on February 4, 2025.<\/p>\n\n\n\n<p class=\"has-small-font-size wp-block-paragraph\">IOM (2025, Displacement Tracking Matrix Lebanon. Retrieved from IOM, available at <a href=\"https:\/\/acrobat.adobe.com\/id\/urn:aaid:sc:eu:01aa8b07-cf02-4159-a3dc-9296d2121eb2\">https:\/\/<\/a><a href=\"https:\/\/acrobat.adobe.com\/id\/urn:aaid:sc:eu:01aa8b07-cf02-4159-a3dc-9296d2121eb2\" target=\"_blank\" rel=\"noreferrer noopener\">acrobat<\/a><a href=\"https:\/\/acrobat.adobe.com\/id\/urn:aaid:sc:eu:01aa8b07-cf02-4159-a3dc-9296d2121eb2\">.adobe.com\/id\/urn:aaid:sc:eu:01aa8b07-cf02-4159-a3dc-9296d2121eb2<\/a>, accessed on February 5, 2025.<\/p>\n\n\n\n<p class=\"has-small-font-size wp-block-paragraph\">IPC (2025), Lebanon: Acute Food Insecurity Situation for October &#8211; November 2024 and Projection for December 2024 &#8211; March 2025. Retrieved from Integrated Food Security Phase Classification (IPC), available at <a href=\"https:\/\/www.ipcinfo.org\/ipcinfo-website\/ipc-overview-and-classification-system\/en\/\" target=\"_blank\" rel=\"noreferrer noopener\">https:\/\/www.ipcinfo.org\/ipcinfo-website\/ipc-overview-and-classification-system\/en\/<\/a>, accessed on February 5, 2025.<\/p>\n\n\n\n<p class=\"has-small-font-size wp-block-paragraph\">Middle East Monitor (2025), 1 in 3 children facing crisis levels of hunger in Lebanon. Retrieved from Middle East Monitor, available at <a href=\"https:\/\/www.middleeastmonitor.com\/20250120-1-in-3-children-facing-crisis-levels-of-hunger-in-lebanon\/\" target=\"_blank\" rel=\"noreferrer noopener\">https:\/\/www.middleeastmonitor.com\/20250120-1-in-3-children-facing-crisis-levels-of-hunger-in-lebanon\/<\/a>, accessed on February 5, 2025.<\/p>\n\n\n\n<p class=\"has-small-font-size wp-block-paragraph\">Ministry of Education and Higher Education of Lebanon (2021), Lebanon five-year General Education Plan 2021-2025. Retrieved from the Ministry of Education and Higher Education, available at https:\/\/www.mehe.gov.lb\/ar\/SiteAssets\/Lists\/News\/AllItems\/5YP%20MEHE-GE%20__amend1_%20Feb%202022.pdf, accessed on February 5, 2025.<\/p>\n\n\n\n<p class=\"has-small-font-size wp-block-paragraph\">Ochsenwalt, W., Kingston, P. (2025), Lebanese Civil War. Retrieved from Britannica, available at <a href=\"https:\/\/www.britannica.com\/event\/Lebanese-Civil-War\" target=\"_blank\" rel=\"noreferrer noopener\">https:\/\/www.britannica.com\/event\/Lebanese-Civil-War<\/a>, accessed on February 4, 2025.<\/p>\n\n\n\n<p class=\"has-small-font-size wp-block-paragraph\">ReliefWeb (2024), Lebanon: Shelters struggling to house families with an unprecedented one million people on the move and new relocation orders issued by Israeli military forces. Retrieved from ReliefWeb, available at <a href=\"https:\/\/reliefweb.int\/report\/lebanon\/lebanon-shelters-struggling-house-families-unprecedented-one-million-people-move-and-new-relocation-orders-issued-israeli-military-forces\" target=\"_blank\" rel=\"noreferrer noopener\">https:\/\/reliefweb.int\/report\/lebanon\/lebanon-shelters-struggling-house-families-unprecedented-one-million-people-move-and-new-relocation-orders-issued-israeli-military-forces<\/a>, accessed on February 5, 2025.<\/p>\n\n\n\n<p class=\"has-small-font-size wp-block-paragraph\">ReliefWeb (2025), Lebanon: Nearly a third of children facing crisis levels of hunger as country reels from year of conflict. Retrieved from ReliefWeb, available at <a href=\"https:\/\/reliefweb.int\/report\/lebanon\/lebanon-nearly-third-children-facing-crisis-levels-hunger-country-reels-year-conflict\" target=\"_blank\" rel=\"noreferrer noopener\">https:\/\/reliefweb.int\/report\/lebanon\/lebanon-nearly-third-children-facing-crisis-levels-hunger-country-reels-year-conflict<\/a>, accessed on February 4, 2025.<\/p>\n\n\n\n<p class=\"has-small-font-size wp-block-paragraph\">ReliefWeb (October 2, 2024), Lebanon: Over 400,000 forcibly displaced children at growing risk of scabies, cholera and waterborne diseases. Retrieved from ReliefWeb, available at <a href=\"https:\/\/reliefweb.int\/report\/lebanon\/lebanon-over-400000-forcibly-displaced-children-growing-risk-scabies-cholera-and-waterborne-diseases\" target=\"_blank\" rel=\"noreferrer noopener\">https:\/\/reliefweb.int\/report\/lebanon\/lebanon-over-400000-forcibly-displaced-children-growing-risk-scabies-cholera-and-waterborne-diseases<\/a>, accessed on February 4, 2025.<\/p>\n\n\n\n<p class=\"has-small-font-size wp-block-paragraph\">Stezycki, K..&amp;Alkousaa, R.., (2024), Lebanon&rsquo;s public schools reopen amid war and displacement. Retrieved from Reuters, available at <a href=\"https:\/\/www.reuters.com\/world\/middle-east\/lebanons-public-schools-reopen-amid-war-displacement-2024-11-12\/\" target=\"_blank\" rel=\"noreferrer noopener\">https:\/\/www.reuters.com\/world\/middle-east\/lebanons-public-schools-reopen-amid-war-displacement-2024-11-12\/<\/a>, accessed on February 5, 2025.<\/p>\n\n\n\n<p class=\"has-small-font-size wp-block-paragraph\">Unicef USA (October 16, 2024), UNICEF: Risks Increasing for Children in Lebanon as Bombardment Continues, Essential Services Falter. Retrieved from Unicef USA, available at <a href=\"https:\/\/www.unicefusa.org\/stories\/unicef-risks-increasing-children-lebanon-bombardment-continues-essential-services-falter\">https:\/\/www.unicefusa.org\/<\/a><a href=\"https:\/\/www.unicefusa.org\/stories\/unicef-risks-increasing-children-lebanon-bombardment-continues-essential-services-falter\" target=\"_blank\" rel=\"noreferrer noopener\">stories<\/a><a href=\"https:\/\/www.unicefusa.org\/stories\/unicef-risks-increasing-children-lebanon-bombardment-continues-essential-services-falter\">\/unicef-risks-increasing-children-lebanon-bombardment-continues-essential-services-falter<\/a>, accessed on February 4, 2025.<\/p>\n\n\n\n<p class=\"has-small-font-size wp-block-paragraph\">Unicef, October 23 (2024), Loss and uncertainty for Lebanon\u2019s children. Retrieved from Unicef, available at <a href=\"https:\/\/www.unicef.org\/stories\/loss-and-uncertainty-lebanons-children\" target=\"_blank\" rel=\"noreferrer noopener\">https:\/\/www.unicef.org\/stories\/loss-and-uncertainty-lebanons-children<\/a>, accessed on February 5, 2025.<\/p>\n\n\n\n<p class=\"has-small-font-size wp-block-paragraph\">Unicef USA (October 30, 2024), Impact of Hostilities on Lebanon&rsquo;s Children: Loss and Uncertainty. Retrieved from Unicef USA, available at <a href=\"https:\/\/www.unicefusa.org\/stories\/impact-hostilities-lebanons-children-loss-and-uncertainty\" target=\"_blank\" rel=\"noreferrer noopener\">https:\/\/www.unicefusa.org\/stories\/impact-hostilities-lebanons-children-loss-and-uncertainty<\/a>, accessed on February 4, 2025.<\/p>\n","protected":false},"excerpt":{"rendered":"<p>Les enfants du Liban ont subi les cons\u00e9quences d\u00e9vastatrices des hostilit\u00e9s de 2024. L&rsquo;escalade de la violence a entra\u00een\u00e9 des pertes en vies humaines, des blessures et des d\u00e9placements massifs parmi les membres les plus jeunes et les plus vuln\u00e9rables de la soci\u00e9t\u00e9. Au-del\u00e0 des dangers physiques imm\u00e9diats, ces enfants sont confront\u00e9s \u00e0 des d\u00e9fis [&hellip;]<\/p>\n","protected":false},"author":69,"featured_media":58202,"comment_status":"closed","ping_status":"closed","sticky":false,"template":"","format":"standard","meta":{"footnotes":""},"categories":[220,4,5,233,10,214],"tags":[],"class_list":["post-58199","post","type-post","status-publish","format-standard","has-post-thumbnail","hentry","category-droits-des-enfants","category-droits-humains","category-education","category-exploitation","category-sante","category-violence"],"yoast_head":"<!-- This site is optimized with the Yoast SEO plugin v28.3 - https:\/\/yoast.com\/product\/yoast-seo-wordpress\/ -->\n<title>Les enfants du Liban au lendemain des hostilit\u00e9s de 2024\u00a0 - Humanium<\/title>\n<meta name=\"description\" content=\"Les enfants du Liban ont subi les cons\u00e9quences d\u00e9vastatrices des hostilit\u00e9s de 2024, telles que la perte de vies humaines et les d\u00e9placements massifs.\" \/>\n<meta name=\"robots\" content=\"index, follow, max-snippet:-1, max-image-preview:large, max-video-preview:-1\" \/>\n<link rel=\"canonical\" href=\"https:\/\/www.humanium.org\/fr\/les-enfants-du-liban-au-lendemain-des-hostilites-de-2024\/\" \/>\n<meta property=\"og:locale\" content=\"fr_FR\" \/>\n<meta property=\"og:type\" content=\"article\" \/>\n<meta property=\"og:title\" content=\"Les enfants du Liban au lendemain des hostilit\u00e9s de 2024\u00a0 - Humanium\" \/>\n<meta property=\"og:description\" content=\"Les enfants du Liban ont subi les cons\u00e9quences d\u00e9vastatrices des hostilit\u00e9s de 2024, telles que la perte de vies humaines et les d\u00e9placements massifs.\" \/>\n<meta property=\"og:url\" content=\"https:\/\/www.humanium.org\/fr\/les-enfants-du-liban-au-lendemain-des-hostilites-de-2024\/\" \/>\n<meta property=\"og:site_name\" content=\"Humanium\" \/>\n<meta property=\"article:published_time\" content=\"2025-03-11T18:39:26+00:00\" \/>\n<meta property=\"article:modified_time\" content=\"2026-08-21T03:22:59+00:00\" \/>\n<meta property=\"og:image\" content=\"https:\/\/www.humanium.org\/fr\/wp-content\/uploads\/2025\/03\/shutterstock_2531958279-scaled.jpg\" \/>\n\t<meta property=\"og:image:width\" content=\"2560\" \/>\n\t<meta property=\"og:image:height\" content=\"1707\" \/>\n\t<meta property=\"og:image:type\" content=\"image\/jpeg\" \/>\n<meta name=\"author\" content=\"Humanium\" \/>\n<meta name=\"twitter:card\" content=\"summary_large_image\" \/>\n<meta name=\"twitter:label1\" content=\"\u00c9crit par\" \/>\n\t<meta name=\"twitter:data1\" content=\"Humanium\" \/>\n\t<meta name=\"twitter:label2\" content=\"Dur\u00e9e de lecture estim\u00e9e\" \/>\n\t<meta name=\"twitter:data2\" content=\"11 minutes\" \/>\n<script type=\"application\/ld+json\" class=\"yoast-schema-graph\">{\"@context\":\"https:\\\/\\\/schema.org\",\"@graph\":[{\"@type\":\"Article\",\"@id\":\"https:\\\/\\\/www.humanium.org\\\/fr\\\/les-enfants-du-liban-au-lendemain-des-hostilites-de-2024\\\/#article\",\"isPartOf\":{\"@id\":\"https:\\\/\\\/www.humanium.org\\\/fr\\\/les-enfants-du-liban-au-lendemain-des-hostilites-de-2024\\\/\"},\"author\":{\"name\":\"Humanium\",\"@id\":\"https:\\\/\\\/www.humanium.org\\\/fr\\\/#\\\/schema\\\/person\\\/d798d6c7d59ba2307e0877f61a20ce3e\"},\"headline\":\"Les enfants du Liban au lendemain des hostilit\u00e9s de 2024\u00a0\",\"datePublished\":\"2025-03-11T18:39:26+00:00\",\"dateModified\":\"2026-08-21T03:22:59+00:00\",\"mainEntityOfPage\":{\"@id\":\"https:\\\/\\\/www.humanium.org\\\/fr\\\/les-enfants-du-liban-au-lendemain-des-hostilites-de-2024\\\/\"},\"wordCount\":2032,\"image\":{\"@id\":\"https:\\\/\\\/www.humanium.org\\\/fr\\\/les-enfants-du-liban-au-lendemain-des-hostilites-de-2024\\\/#primaryimage\"},\"thumbnailUrl\":\"https:\\\/\\\/www.humanium.org\\\/fr\\\/wp-content\\\/uploads\\\/2025\\\/03\\\/shutterstock_2531958279-scaled.jpg\",\"articleSection\":[\"Droits des enfants\",\"Droits humains\",\"Education\",\"Exploitation\",\"Sant\u00e9\",\"violence\"],\"inLanguage\":\"fr-FR\"},{\"@type\":\"WebPage\",\"@id\":\"https:\\\/\\\/www.humanium.org\\\/fr\\\/les-enfants-du-liban-au-lendemain-des-hostilites-de-2024\\\/\",\"url\":\"https:\\\/\\\/www.humanium.org\\\/fr\\\/les-enfants-du-liban-au-lendemain-des-hostilites-de-2024\\\/\",\"name\":\"Les enfants du Liban au lendemain des hostilit\u00e9s de 2024\u00a0 - Humanium\",\"isPartOf\":{\"@id\":\"https:\\\/\\\/www.humanium.org\\\/fr\\\/#website\"},\"primaryImageOfPage\":{\"@id\":\"https:\\\/\\\/www.humanium.org\\\/fr\\\/les-enfants-du-liban-au-lendemain-des-hostilites-de-2024\\\/#primaryimage\"},\"image\":{\"@id\":\"https:\\\/\\\/www.humanium.org\\\/fr\\\/les-enfants-du-liban-au-lendemain-des-hostilites-de-2024\\\/#primaryimage\"},\"thumbnailUrl\":\"https:\\\/\\\/www.humanium.org\\\/fr\\\/wp-content\\\/uploads\\\/2025\\\/03\\\/shutterstock_2531958279-scaled.jpg\",\"datePublished\":\"2025-03-11T18:39:26+00:00\",\"dateModified\":\"2026-08-21T03:22:59+00:00\",\"author\":{\"@id\":\"https:\\\/\\\/www.humanium.org\\\/fr\\\/#\\\/schema\\\/person\\\/d798d6c7d59ba2307e0877f61a20ce3e\"},\"description\":\"Les enfants du Liban ont subi les cons\u00e9quences d\u00e9vastatrices des hostilit\u00e9s de 2024, telles que la perte de vies humaines et les d\u00e9placements massifs.\",\"breadcrumb\":{\"@id\":\"https:\\\/\\\/www.humanium.org\\\/fr\\\/les-enfants-du-liban-au-lendemain-des-hostilites-de-2024\\\/#breadcrumb\"},\"inLanguage\":\"fr-FR\",\"potentialAction\":[{\"@type\":\"ReadAction\",\"target\":[\"https:\\\/\\\/www.humanium.org\\\/fr\\\/les-enfants-du-liban-au-lendemain-des-hostilites-de-2024\\\/\"]}]},{\"@type\":\"ImageObject\",\"inLanguage\":\"fr-FR\",\"@id\":\"https:\\\/\\\/www.humanium.org\\\/fr\\\/les-enfants-du-liban-au-lendemain-des-hostilites-de-2024\\\/#primaryimage\",\"url\":\"https:\\\/\\\/www.humanium.org\\\/fr\\\/wp-content\\\/uploads\\\/2025\\\/03\\\/shutterstock_2531958279-scaled.jpg\",\"contentUrl\":\"https:\\\/\\\/www.humanium.org\\\/fr\\\/wp-content\\\/uploads\\\/2025\\\/03\\\/shutterstock_2531958279-scaled.jpg\",\"width\":2560,\"height\":1707},{\"@type\":\"BreadcrumbList\",\"@id\":\"https:\\\/\\\/www.humanium.org\\\/fr\\\/les-enfants-du-liban-au-lendemain-des-hostilites-de-2024\\\/#breadcrumb\",\"itemListElement\":[{\"@type\":\"ListItem\",\"position\":1,\"name\":\"Home\",\"item\":\"https:\\\/\\\/www.humanium.org\\\/fr\\\/\"},{\"@type\":\"ListItem\",\"position\":2,\"name\":\"Les enfants du Liban au lendemain des hostilit\u00e9s de 2024\u00a0\"}]},{\"@type\":\"WebSite\",\"@id\":\"https:\\\/\\\/www.humanium.org\\\/fr\\\/#website\",\"url\":\"https:\\\/\\\/www.humanium.org\\\/fr\\\/\",\"name\":\"Humanium\",\"description\":\"Les enfants d\u2019abord !\",\"potentialAction\":[{\"@type\":\"SearchAction\",\"target\":{\"@type\":\"EntryPoint\",\"urlTemplate\":\"https:\\\/\\\/www.humanium.org\\\/fr\\\/?s={search_term_string}\"},\"query-input\":{\"@type\":\"PropertyValueSpecification\",\"valueRequired\":true,\"valueName\":\"search_term_string\"}}],\"inLanguage\":\"fr-FR\"},{\"@type\":\"Person\",\"@id\":\"https:\\\/\\\/www.humanium.org\\\/fr\\\/#\\\/schema\\\/person\\\/d798d6c7d59ba2307e0877f61a20ce3e\",\"name\":\"Humanium\",\"image\":{\"@type\":\"ImageObject\",\"inLanguage\":\"fr-FR\",\"@id\":\"https:\\\/\\\/secure.gravatar.com\\\/avatar\\\/22715e338d2fcc547e3a431c4738360d33fea2a4af458f865b2c3b22f1eaa51f?s=96&d=mm&r=g\",\"url\":\"https:\\\/\\\/secure.gravatar.com\\\/avatar\\\/22715e338d2fcc547e3a431c4738360d33fea2a4af458f865b2c3b22f1eaa51f?s=96&d=mm&r=g\",\"contentUrl\":\"https:\\\/\\\/secure.gravatar.com\\\/avatar\\\/22715e338d2fcc547e3a431c4738360d33fea2a4af458f865b2c3b22f1eaa51f?s=96&d=mm&r=g\",\"caption\":\"Humanium\"},\"url\":\"https:\\\/\\\/www.humanium.org\\\/fr\\\/author\\\/humanium\\\/\"}]}<\/script>\n<!-- \/ Yoast SEO plugin. -->","yoast_head_json":{"title":"Les enfants du Liban au lendemain des hostilit\u00e9s de 2024\u00a0 - Humanium","description":"Les enfants du Liban ont subi les cons\u00e9quences d\u00e9vastatrices des hostilit\u00e9s de 2024, telles que la perte de vies humaines et les d\u00e9placements massifs.","robots":{"index":"index","follow":"follow","max-snippet":"max-snippet:-1","max-image-preview":"max-image-preview:large","max-video-preview":"max-video-preview:-1"},"canonical":"https:\/\/www.humanium.org\/fr\/les-enfants-du-liban-au-lendemain-des-hostilites-de-2024\/","og_locale":"fr_FR","og_type":"article","og_title":"Les enfants du Liban au lendemain des hostilit\u00e9s de 2024\u00a0 - Humanium","og_description":"Les enfants du Liban ont subi les cons\u00e9quences d\u00e9vastatrices des hostilit\u00e9s de 2024, telles que la perte de vies humaines et les d\u00e9placements massifs.","og_url":"https:\/\/www.humanium.org\/fr\/les-enfants-du-liban-au-lendemain-des-hostilites-de-2024\/","og_site_name":"Humanium","article_published_time":"2025-03-11T18:39:26+00:00","article_modified_time":"2026-08-21T03:22:59+00:00","og_image":[{"width":2560,"height":1707,"url":"https:\/\/www.humanium.org\/fr\/wp-content\/uploads\/2025\/03\/shutterstock_2531958279-scaled.jpg","type":"image\/jpeg"}],"author":"Humanium","twitter_card":"summary_large_image","twitter_misc":{"\u00c9crit par":"Humanium","Dur\u00e9e de lecture estim\u00e9e":"11 minutes"},"schema":{"@context":"https:\/\/schema.org","@graph":[{"@type":"Article","@id":"https:\/\/www.humanium.org\/fr\/les-enfants-du-liban-au-lendemain-des-hostilites-de-2024\/#article","isPartOf":{"@id":"https:\/\/www.humanium.org\/fr\/les-enfants-du-liban-au-lendemain-des-hostilites-de-2024\/"},"author":{"name":"Humanium","@id":"https:\/\/www.humanium.org\/fr\/#\/schema\/person\/d798d6c7d59ba2307e0877f61a20ce3e"},"headline":"Les enfants du Liban au lendemain des hostilit\u00e9s de 2024\u00a0","datePublished":"2025-03-11T18:39:26+00:00","dateModified":"2026-08-21T03:22:59+00:00","mainEntityOfPage":{"@id":"https:\/\/www.humanium.org\/fr\/les-enfants-du-liban-au-lendemain-des-hostilites-de-2024\/"},"wordCount":2032,"image":{"@id":"https:\/\/www.humanium.org\/fr\/les-enfants-du-liban-au-lendemain-des-hostilites-de-2024\/#primaryimage"},"thumbnailUrl":"https:\/\/www.humanium.org\/fr\/wp-content\/uploads\/2025\/03\/shutterstock_2531958279-scaled.jpg","articleSection":["Droits des enfants","Droits humains","Education","Exploitation","Sant\u00e9","violence"],"inLanguage":"fr-FR"},{"@type":"WebPage","@id":"https:\/\/www.humanium.org\/fr\/les-enfants-du-liban-au-lendemain-des-hostilites-de-2024\/","url":"https:\/\/www.humanium.org\/fr\/les-enfants-du-liban-au-lendemain-des-hostilites-de-2024\/","name":"Les enfants du Liban au lendemain des hostilit\u00e9s de 2024\u00a0 - Humanium","isPartOf":{"@id":"https:\/\/www.humanium.org\/fr\/#website"},"primaryImageOfPage":{"@id":"https:\/\/www.humanium.org\/fr\/les-enfants-du-liban-au-lendemain-des-hostilites-de-2024\/#primaryimage"},"image":{"@id":"https:\/\/www.humanium.org\/fr\/les-enfants-du-liban-au-lendemain-des-hostilites-de-2024\/#primaryimage"},"thumbnailUrl":"https:\/\/www.humanium.org\/fr\/wp-content\/uploads\/2025\/03\/shutterstock_2531958279-scaled.jpg","datePublished":"2025-03-11T18:39:26+00:00","dateModified":"2026-08-21T03:22:59+00:00","author":{"@id":"https:\/\/www.humanium.org\/fr\/#\/schema\/person\/d798d6c7d59ba2307e0877f61a20ce3e"},"description":"Les enfants du Liban ont subi les cons\u00e9quences d\u00e9vastatrices des hostilit\u00e9s de 2024, telles que la perte de vies humaines et les d\u00e9placements massifs.","breadcrumb":{"@id":"https:\/\/www.humanium.org\/fr\/les-enfants-du-liban-au-lendemain-des-hostilites-de-2024\/#breadcrumb"},"inLanguage":"fr-FR","potentialAction":[{"@type":"ReadAction","target":["https:\/\/www.humanium.org\/fr\/les-enfants-du-liban-au-lendemain-des-hostilites-de-2024\/"]}]},{"@type":"ImageObject","inLanguage":"fr-FR","@id":"https:\/\/www.humanium.org\/fr\/les-enfants-du-liban-au-lendemain-des-hostilites-de-2024\/#primaryimage","url":"https:\/\/www.humanium.org\/fr\/wp-content\/uploads\/2025\/03\/shutterstock_2531958279-scaled.jpg","contentUrl":"https:\/\/www.humanium.org\/fr\/wp-content\/uploads\/2025\/03\/shutterstock_2531958279-scaled.jpg","width":2560,"height":1707},{"@type":"BreadcrumbList","@id":"https:\/\/www.humanium.org\/fr\/les-enfants-du-liban-au-lendemain-des-hostilites-de-2024\/#breadcrumb","itemListElement":[{"@type":"ListItem","position":1,"name":"Home","item":"https:\/\/www.humanium.org\/fr\/"},{"@type":"ListItem","position":2,"name":"Les enfants du Liban au lendemain des hostilit\u00e9s de 2024\u00a0"}]},{"@type":"WebSite","@id":"https:\/\/www.humanium.org\/fr\/#website","url":"https:\/\/www.humanium.org\/fr\/","name":"Humanium","description":"Les enfants d\u2019abord !","potentialAction":[{"@type":"SearchAction","target":{"@type":"EntryPoint","urlTemplate":"https:\/\/www.humanium.org\/fr\/?s={search_term_string}"},"query-input":{"@type":"PropertyValueSpecification","valueRequired":true,"valueName":"search_term_string"}}],"inLanguage":"fr-FR"},{"@type":"Person","@id":"https:\/\/www.humanium.org\/fr\/#\/schema\/person\/d798d6c7d59ba2307e0877f61a20ce3e","name":"Humanium","image":{"@type":"ImageObject","inLanguage":"fr-FR","@id":"https:\/\/secure.gravatar.com\/avatar\/22715e338d2fcc547e3a431c4738360d33fea2a4af458f865b2c3b22f1eaa51f?s=96&d=mm&r=g","url":"https:\/\/secure.gravatar.com\/avatar\/22715e338d2fcc547e3a431c4738360d33fea2a4af458f865b2c3b22f1eaa51f?s=96&d=mm&r=g","contentUrl":"https:\/\/secure.gravatar.com\/avatar\/22715e338d2fcc547e3a431c4738360d33fea2a4af458f865b2c3b22f1eaa51f?s=96&d=mm&r=g","caption":"Humanium"},"url":"https:\/\/www.humanium.org\/fr\/author\/humanium\/"}]}},"_links":{"self":[{"href":"https:\/\/www.humanium.org\/fr\/wp-json\/wp\/v2\/posts\/58199","targetHints":{"allow":["GET"]}}],"collection":[{"href":"https:\/\/www.humanium.org\/fr\/wp-json\/wp\/v2\/posts"}],"about":[{"href":"https:\/\/www.humanium.org\/fr\/wp-json\/wp\/v2\/types\/post"}],"author":[{"embeddable":true,"href":"https:\/\/www.humanium.org\/fr\/wp-json\/wp\/v2\/users\/69"}],"replies":[{"embeddable":true,"href":"https:\/\/www.humanium.org\/fr\/wp-json\/wp\/v2\/comments?post=58199"}],"version-history":[{"count":9,"href":"https:\/\/www.humanium.org\/fr\/wp-json\/wp\/v2\/posts\/58199\/revisions"}],"predecessor-version":[{"id":62815,"href":"https:\/\/www.humanium.org\/fr\/wp-json\/wp\/v2\/posts\/58199\/revisions\/62815"}],"wp:featuredmedia":[{"embeddable":true,"href":"https:\/\/www.humanium.org\/fr\/wp-json\/wp\/v2\/media\/58202"}],"wp:attachment":[{"href":"https:\/\/www.humanium.org\/fr\/wp-json\/wp\/v2\/media?parent=58199"}],"wp:term":[{"taxonomy":"category","embeddable":true,"href":"https:\/\/www.humanium.org\/fr\/wp-json\/wp\/v2\/categories?post=58199"},{"taxonomy":"post_tag","embeddable":true,"href":"https:\/\/www.humanium.org\/fr\/wp-json\/wp\/v2\/tags?post=58199"}],"curies":[{"name":"wp","href":"https:\/\/api.w.org\/{rel}","templated":true}]}}