{"id":59056,"date":"2025-10-07T18:50:25","date_gmt":"2025-10-07T18:50:25","guid":{"rendered":"https:\/\/www.humanium.org\/fr\/?p=59056"},"modified":"2026-08-21T03:23:01","modified_gmt":"2026-08-21T03:23:01","slug":"comment-les-enfants-mineurs-sont-recrutes-dans-les-reseaux-de-trafics-de-drogue-en-belgique","status":"publish","type":"post","link":"https:\/\/www.humanium.org\/fr\/comment-les-enfants-mineurs-sont-recrutes-dans-les-reseaux-de-trafics-de-drogue-en-belgique\/","title":{"rendered":"Comment les enfants mineurs sont recrut\u00e9s dans les r\u00e9seaux de trafics de drogue en Belgique"},"content":{"rendered":"\n<p class=\"wp-block-paragraph\"><strong>Dans les villes de Belgique, et particuli\u00e8rement autour du port d\u2019Anvers, on peut trouver des enfants de treize ans ou moins en train de <\/strong><a href=\"https:\/\/www.humanium.org\/fr\/enfants-dependances\/\"><strong>transporter de la drogue<\/strong><\/a><strong>, de <\/strong><a href=\"https:\/\/www.humanium.org\/fr\/lutte-contre-lexploitation-sexuelle-collective-sur-mineurs-au-royaume-uni\/\"><strong>monter la garde pour les gangs<\/strong><\/a><strong> ou de risquer leurs vies dans les ports la nuit. Une grande partie d\u2019entre eux devrait \u00eatre \u00e0 l\u2019\u00e9cole, pourtant leurs journ\u00e9es et leurs nuits sont consacr\u00e9es \u00e0 l\u2019ex\u00e9cution d\u2019activit\u00e9s ill\u00e9gales. Nombreux d\u2019entre eux sont battus par des membres plus \u00e2g\u00e9s des gangs ou par des trafiquants pour avoir commis des erreurs, sont drogu\u00e9s pour assurer leur ob\u00e9issance ou sont retrouv\u00e9s avec des blessures non soign\u00e9es. Le prix \u00e0 payer est non seulement la perte d\u2019\u00e9ducation et de s\u00e9curit\u00e9, mais \u00e9galement un traumatisme profond qui marque leur enfance.<\/strong><\/p>\n\n\n\n<h2 class=\"wp-block-heading\"><strong>L\u2019ampleur et la nature de l\u2019exploitation criminelle des enfants en Belgique<\/strong><\/h2>\n\n\n\n<p class=\"wp-block-paragraph\">Depuis 2019, la Belgique a enregistr\u00e9 pr\u00e8s de 100&nbsp;mineurs victimes de prostitution d\u2019adolescents chaque ann\u00e9e. D\u2019ici juillet&nbsp;2024, 73&nbsp;mineurs ont d\u00e9j\u00e0 officiellement \u00e9t\u00e9 identifi\u00e9s comme des victimes <a href=\"https:\/\/www.humanium.org\/fr\/exploitation\/\">d\u2019exploitation sexuelle<\/a> et de contr\u00f4le coercitif. Ces enfants ont \u00e9t\u00e9 forc\u00e9s de prendre part \u00e0 des trafics de drogue, au vol ou \u00e0 la prostitution sous le contr\u00f4le de trafiquants (UN, n.d.).<\/p>\n\n\n\n<p class=\"wp-block-paragraph\">La position de la <a href=\"https:\/\/www.humanium.org\/fr\/belgique\/\">Belgique<\/a> concernant le trafic de drogue en Europe place les enfants \u00e0 un risque \u00e9lev\u00e9 d\u2019exploitation criminelle. Le port d\u2019Anvers est actuellement le plus grand point d\u2019acc\u00e8s pour la coca\u00efne sur le continent, avec des saisies d\u00e9passant les 110&nbsp;tonnes en 2022 (Verodova et al., 2023).<\/p>\n\n\n\n<p class=\"wp-block-paragraph\">Beaucoup des enfants mineurs recrut\u00e9s dans ces r\u00e9seaux sont des enfants seuls qui viennent de pays \u00e9trangers sans protection familiale. Nombreux d\u2019entre eux viennent du Maroc et d\u2019Alg\u00e9rie, attir\u00e9s par des promesses d\u2019opportunit\u00e9s \u00e9ducatives ou de travail, mais d\u00e8s leur arriv\u00e9e en Belgique, ils sont rapidement int\u00e9gr\u00e9s dans le monde du crime organis\u00e9 (Townsend, 2024).&nbsp;<\/p>\n\n\n\n<p class=\"wp-block-paragraph\">D\u2019apr\u00e8s la police belge:<\/p>\n\n\n\n<blockquote class=\"wp-block-quote is-layout-flow wp-block-quote-is-layout-flow\">\n<p class=\"wp-block-paragraph\"><em>\u00ab\u00a0Des centaines d\u2019enfants mineurs venant d\u2019Afrique du Nord [sont] recrut\u00e9s par des r\u00e9seaux de trafics de drogue pour vendre des narcotiques.\u00a0\u00bb<\/em><\/p>\n\n\n\n<p class=\"wp-block-paragraph\">\u2013 Eric Garbar, Chef du service de lutte contre la traite des \u00eatres humains \u00e0 la Police judiciaire f\u00e9d\u00e9rale (Townsend, 2024)<\/p>\n<\/blockquote>\n\n\n\n<p class=\"wp-block-paragraph\">Les conditions auxquelles ces enfants doivent faire face d\u00e8s leur recrutement sont difficiles. \u00c0 Bruxelles, certains d\u2019entre eux ont \u00e9t\u00e9 retrouv\u00e9s dans un \u00e9tat semi-conscient apr\u00e8s avoir \u00e9t\u00e9 drogu\u00e9s, tandis que d\u2019autres enfants sont marqu\u00e9s par des blessures caus\u00e9es par des coups donn\u00e9s pour punir ceux qui n\u2019ont pas pay\u00e9 leurs dettes (Townsend, 2024).<\/p>\n\n\n\n<p class=\"wp-block-paragraph\">Certains d\u2019entre eux sont \u00e9galement victimes de violence sexuelle ou forc\u00e9s d\u2019attaquer des rivaux, ce qui leur vaut des cicatrices sur le corps et un traumatisme profond d\u00e8s le plus jeune \u00e2ge. Des officiels confirment que plusieurs groupes, comme la \u00ab&nbsp;Mocro Maffia&nbsp;\u00bb, visent ces gar\u00e7ons de fa\u00e7on d\u00e9lib\u00e9r\u00e9e comme une main d\u2019\u0153uvre abordable et pouvant \u00eatre remplac\u00e9e facilement (Townsend, 2024).<\/p>\n\n\n\n<h2 class=\"wp-block-heading\"><strong>Comment les r\u00e9seaux criminels de Belgique ciblent et recrutent les enfants vuln\u00e9rables<\/strong><\/h2>\n\n\n\n<p class=\"wp-block-paragraph\">Le recrutement de jeunes dans des crimes organis\u00e9s ne se d\u00e9roule pas de fa\u00e7on al\u00e9atoire, mais est d\u00e9termin\u00e9 par les conditions dans lesquelles ces enfants grandissent. Les jeunes personnes provenant de quartiers marqu\u00e9s par la <a href=\"https:\/\/www.humanium.org\/fr\/pauvrete\/\">pauvret\u00e9<\/a>, le ch\u00f4mage, ainsi que des <a href=\"https:\/\/www.humanium.org\/fr\/comprendre-droits-enfant\/droit-a-l-education\/\">opportunit\u00e9s \u00e9ducatives limit\u00e9es<\/a> sont plus susceptibles d\u2019\u00eatre recrut\u00e9es. Dans ce contexte, lorsque les \u00e9coles ou les familles ne peuvent pas r\u00e9pondre aux besoins de leurs enfants, les gangs se pr\u00e9sentent comme une alternative (Aerts, 2024).<\/p>\n\n\n\n<p class=\"wp-block-paragraph\">Les groupes criminels utilisent des strat\u00e9gies cibl\u00e9es visant \u00e0 entrainer des mineurs dans leurs activit\u00e9s. Les recruteurs peuvent offrir des petites sommes d\u2019argent ou des faveurs afin de susciter l\u2019int\u00e9r\u00eat et cr\u00e9er de la d\u00e9pendance. D\u2019autres groupes comptent sur l\u2019intimidation directe en for\u00e7ant les enfants \u00e0 effectuer des t\u00e2ches comme vendre de la drogue. Ces tactiques s\u2019alignent sur les vuln\u00e9rabilit\u00e9s cr\u00e9es par l\u2019environnement d\u2019un enfant et le retiennent progressivement dans des r\u00e9seaux difficiles \u00e0 quitter (Aerts, 2024).<\/p>\n\n\n\n<p class=\"wp-block-paragraph\">Les r\u00e9seaux criminels visent de plus en plus les mineurs pour le trafic de drogue, car ils sont consid\u00e9r\u00e9s comme des personnes \u00e0 faible risque et faciles \u00e0 remplacer. Europol alarme sur le fait que les jeunes sont aujourd\u2019hui impliqu\u00e9s dans plus de 70&nbsp;% des march\u00e9s illicites et sont souvent recrut\u00e9s \u00e0 travers les r\u00e9seaux sociaux par le biais de promesses d\u2019argent, de statut ou d\u2019appartenance (Pope, 2024).<\/p>\n\n\n\n<blockquote class=\"wp-block-quote is-layout-flow wp-block-quote-is-layout-flow\">\n<p class=\"wp-block-paragraph\">\u00ab\u00a0Cette pratique se r\u00e9pand \u00e0 travers de nombreux pays et les m\u00e9thodes de recrutement ont chang\u00e9. En effet, les mineurs sont de plus en plus souvent charg\u00e9s d\u2019ex\u00e9cuter des activit\u00e9s violentes comme l\u2019extorsion et le meurtre.\u00a0\u00bb<\/p>\n\n\n\n<p class=\"wp-block-paragraph\">&#8211; Europol, l\u2019agence de police qui contr\u00f4le les crimes organis\u00e9s en Europe<\/p>\n<\/blockquote>\n\n\n\n<h2 class=\"wp-block-heading\"><strong>Que repr\u00e9sente la drogue dans la vie quotidienne des enfants<\/strong><\/h2>\n\n\n\n<p class=\"wp-block-paragraph\">Les enfants recrut\u00e9s dans les r\u00e9seaux de trafic de drogue en Belgique doivent effectuer les t\u00e2ches les plus dangereuses et \u00e9puisantes. Certains travaillent en tant qu\u2019\u00ab&nbsp;uithalers&nbsp;\u00bb (mules), doivent grimper sur les grillages autour du port la nuit ou porter des cordes, des balaclavas ou m\u00eame des bateaux gonflables pour r\u00e9cup\u00e9rer des cartons de coca\u00efnes hors des conteneurs (Waterfield, 2025).<\/p>\n\n\n\n<p class=\"wp-block-paragraph\">D\u2019autres enfants deviennent guetteurs en restant dans des coins de rue ou pr\u00e8s des quais afin d\u2019avertir les membres de gang plus \u00e2g\u00e9s de l\u2019\u00e9ventuelle arriv\u00e9e de la police. On peut leur demander d\u2019apporter des sacs de sport remplis de drogue \u00e0 travers le quartier ou de garder les emballages chez eux durant de courtes dur\u00e9es (Waterfield, 2025).<\/p>\n\n\n\n<p class=\"wp-block-paragraph\">Pour les enfants, cela repr\u00e9sente de longues nuits sans sommeil, une peur constante d\u2019\u00eatre pris en flagrant d\u00e9lit et une exposition \u00e0 la violence s\u2019ils commettent des erreurs ou \u00e9chouent lors de la livraison. Au-del\u00e0 de ces dangers imm\u00e9diats, le bilan psychologique est lourd. Des <a href=\"https:\/\/www.humanium.org\/fr\/le-bien-etre-mental-des-enfants\/\">probl\u00e8mes de sant\u00e9 mentale<\/a> caus\u00e9s par le trafic interf\u00e8rent avec l\u2019aptitude des enfants \u00e0 rester \u00e0 l\u2019\u00e9cole et se sentir en s\u00e9curit\u00e9 (Altun et al., 2017).<\/p>\n\n\n\n<p class=\"wp-block-paragraph\">Le plus inqui\u00e9tant est le fait que nombreux d\u2019entre eux d\u00e9veloppent \u00e9galement des pens\u00e9es suicidaires. Plus les enfants sont expos\u00e9s \u00e0 la<a href=\"https:\/\/www.humanium.org\/fr\/violences\/\"> violence<\/a> et \u00e0 l\u2019isolement, plus les dommages caus\u00e9s \u00e0 leur d\u00e9veloppement \u00e9motionnel sont importants. Ces effets ne s\u2019estompent pas \u00e0 la fin de l\u2019exploitation, mais ils peuvent continuer \u00e0 fa\u00e7onner leurs vies sur plusieurs ann\u00e9es (Altun et al., 2017).<\/p>\n\n\n\n<figure class=\"wp-block-image size-large\"><img loading=\"lazy\" decoding=\"async\" width=\"1024\" height=\"576\" src=\"https:\/\/www.humanium.org\/fr\/wp-content\/uploads\/2025\/10\/shutterstock_1492473020-1024x576.jpg\" alt=\"\" class=\"wp-image-59058\" srcset=\"https:\/\/www.humanium.org\/fr\/wp-content\/uploads\/2025\/10\/shutterstock_1492473020-1024x576.jpg 1024w, https:\/\/www.humanium.org\/fr\/wp-content\/uploads\/2025\/10\/shutterstock_1492473020-300x169.jpg 300w, https:\/\/www.humanium.org\/fr\/wp-content\/uploads\/2025\/10\/shutterstock_1492473020-768x432.jpg 768w, https:\/\/www.humanium.org\/fr\/wp-content\/uploads\/2025\/10\/shutterstock_1492473020-1536x864.jpg 1536w, https:\/\/www.humanium.org\/fr\/wp-content\/uploads\/2025\/10\/shutterstock_1492473020-2048x1152.jpg 2048w, https:\/\/www.humanium.org\/fr\/wp-content\/uploads\/2025\/10\/shutterstock_1492473020-830x467.jpg 830w, https:\/\/www.humanium.org\/fr\/wp-content\/uploads\/2025\/10\/shutterstock_1492473020-230x129.jpg 230w, https:\/\/www.humanium.org\/fr\/wp-content\/uploads\/2025\/10\/shutterstock_1492473020-350x197.jpg 350w, https:\/\/www.humanium.org\/fr\/wp-content\/uploads\/2025\/10\/shutterstock_1492473020-480x270.jpg 480w\" sizes=\"auto, (max-width: 1024px) 100vw, 1024px\" \/><\/figure>\n\n\n\n<p class=\"wp-block-paragraph\">Si les enfants ayant \u00e9t\u00e9 victimes de trafics ne re\u00e7oivent pas une aide ad\u00e9quate, les risques s\u2019\u00e9tendent largement au-del\u00e0 du traumatisme imm\u00e9diat. Plusieurs enfants restent vuln\u00e9rables au trafic \u00e0 cause du manque d\u2019adultes protecteurs dans leurs vies (Altun et al., 2017).<\/p>\n\n\n\n<p class=\"wp-block-paragraph\">Sans intervention, la combinaison du traumatisme non trait\u00e9 et du manque de besoins essentiels augmentent le risque de maladie mentale sur le long terme et d\u2019isolement social. Dans ces cas, l\u2019exploitation ne s\u2019ach\u00e8ve pas simplement quand un enfant est secouru&nbsp;; elle laisse des traces de peur, d\u2019instabilit\u00e9 et de vuln\u00e9rabilit\u00e9 pouvant pi\u00e9ger les jeunes personnes dans des cycles de souffrance jusqu\u2019\u00e0 l\u2019\u00e2ge adulte (Altun et al., 2017).<\/p>\n\n\n\n<h2 class=\"wp-block-heading\"><strong>Pourquoi les mesures de protection des enfants en Belgique sont insuffisantes pour les enfants victimes de trafic<\/strong><\/h2>\n\n\n\n<p class=\"wp-block-paragraph\">Le cadre belge de la protection de l&rsquo;enfance comprend un syst\u00e8me de tutelle pour les <a href=\"https:\/\/www.humanium.org\/fr\/migration-infantile\/\">mineurs non accompagn\u00e9s<\/a>, cr\u00e9\u00e9 par la loi sur la tutelle de 2002. Tout enfant arrivant seul en Belgique, peu importe son statut d&rsquo;asile, devra se voir attribuer un tuteur pour le repr\u00e9senter dans un contexte juridique et l&rsquo;aider \u00e0 trouver une solution durable dans ses meilleurs int\u00e9r\u00eats (Van&nbsp;Caudenberg et al., 2015).<\/p>\n\n\n\n<p class=\"wp-block-paragraph\">Cependant, dans la pratique, le syst\u00e8me de protection pr\u00e9sente de graves d\u00e9fauts. La Belgique s&rsquo;appuie sur deux syst\u00e8mes de tutelle en parall\u00e8le&nbsp;:<\/p>\n\n\n\n<ul class=\"wp-block-list\">\n<li>Le mod\u00e8le professionnalis\u00e9, o\u00f9 les travailleurs sociaux prennent en charge de nombreux enfants.<\/li>\n\n\n\n<li>Le mod\u00e8le b\u00e9n\u00e9vole, o\u00f9 des particuliers prennent en charge moins de mineurs, mais peuvent manquer de formation professionnelle (Van&nbsp;Caudenberg et al., 2015).<\/li>\n<\/ul>\n\n\n\n<p class=\"wp-block-paragraph\">Cette structure in\u00e9gale indique que la qualit\u00e9 de protection d\u00e9pend fortement des comp\u00e9tences et de la disponibilit\u00e9 du tuteur, ce qui entra\u00eene des r\u00e9sultats in\u00e9gaux pour les enfants.<\/p>\n\n\n\n<p class=\"wp-block-paragraph\">Par ailleurs, la Belgique a renforc\u00e9 son cadre juridique contre le <a href=\"https:\/\/www.humanium.org\/fr\/trafic-enfants\/\">trafic<\/a>, mais les faiblesses des r\u00e9ponses judiciaires continuent d&rsquo;affecter les enfants de fa\u00e7on directe. Les tribunaux ont fr\u00e9quemment prononc\u00e9 des peines enti\u00e8rement ou partiellement suspendues \u00e0 l&rsquo;encontre des trafiquants, m\u00eame dans les affaires impliquant des mineurs. Ces peines plus l\u00e9g\u00e8res permettent aux exploiteurs de continuer \u00e0 cibler les enfants sans craindre de sanctions durables (D\u00e9partement d&rsquo;\u00c9tat am\u00e9ricain, 2024).<\/p>\n\n\n\n<p class=\"wp-block-paragraph\">Pour les enfants victimes, les pratiques d&rsquo;identification incoh\u00e9rentes au sein du syst\u00e8me judiciaire restent une pr\u00e9occupation majeure. Les autorit\u00e9s peinent \u00e0 distinguer la traite des enfants d&rsquo;autres infractions, telles que le trafic de migrants ou la d\u00e9linquance juv\u00e9nile (D\u00e9partement d&rsquo;\u00c9tat des \u00c9tats-Unis, 2024).<\/p>\n\n\n\n<p class=\"wp-block-paragraph\">Par cons\u00e9quent, certains enfants exploit\u00e9s dans le cadre de la criminalit\u00e9 forc\u00e9e ont \u00e9t\u00e9 trait\u00e9s comme des d\u00e9linquants plut\u00f4t que reconnus comme des victimes. Cette erreur expose non seulement les enfants \u00e0 des sanctions pour des actes commis sous la contrainte, mais les prive \u00e9galement de la protection et de la r\u00e9adaptation dont ils ont urgemment besoin (D\u00e9partement d&rsquo;\u00c9tat am\u00e9ricain, 2024).<\/p>\n\n\n\n<blockquote class=\"wp-block-quote is-layout-flow wp-block-quote-is-layout-flow\">\n<p class=\"wp-block-paragraph\">\u00ab&nbsp;Le statut de victime des enfants contraints \u00e0 des activit\u00e9s criminelles ne devrait pas \u00eatre remis en question. Au contraire, les r\u00e9ponses \u00e0 la traite des enfants doivent toujours privil\u00e9gier l&rsquo;int\u00e9r\u00eat sup\u00e9rieur de l&rsquo;enfant.&nbsp;\u00bb <\/p>\n\n\n\n<p class=\"wp-block-paragraph\">\u2013 John Brandolino, Directeur de la Division des affaires relatives aux trait\u00e9s de l&rsquo;ONUDC (Office des Nations Unies contre la drogue et le crime, 2024)<\/p>\n<\/blockquote>\n\n\n\n<h2 class=\"wp-block-heading\"><strong>Prot\u00e9ger les enfants contre l&rsquo;exploitation li\u00e9e \u00e0 la drogue en Belgique<\/strong><\/h2>\n\n\n\n<p class=\"wp-block-paragraph\">Pour briser les cycles d&rsquo;exploitation, il est crucial de cr\u00e9er des alternatives centr\u00e9es sur l&rsquo;enfant. Ces mesures comprennent <a href=\"https:\/\/www.humanium.org\/fr\/comprendre-droits-enfant\/droit-a-l-education\/\">l&rsquo;acc\u00e8s \u00e0 l&rsquo;\u00e9ducation<\/a>, un accompagnement post-traumatique et des voies d&rsquo;acc\u00e8s \u00e0 l&#8217;emploi. Le plus important pour les enfants d\u00e9j\u00e0 exploit\u00e9s, c&rsquo;est la possibilit\u00e9 de reconstruire leur vie en s\u00e9curit\u00e9 plut\u00f4t que d&rsquo;\u00eatre accabl\u00e9s par un casier judiciaire qui aggrave leur vuln\u00e9rabilit\u00e9 (Dimou, 2025).<\/p>\n\n\n\n<p class=\"wp-block-paragraph\">Le r\u00e9tablissement d\u00e9pend \u00e9galement de la continuit\u00e9 des soins dans le temps. Les enfants victimes de trafic ont droit \u00e0 un logement stable, \u00e0 un soutien m\u00e9dical et \u00e0 <a href=\"https:\/\/www.humanium.org\/fr\/comprendre-droits-enfant\/protection\/\">un environnement s\u00fbr o\u00f9 leurs besoins sont constamment satisfaits.<\/a> Pour ceux qui ne peuvent pas retourner en toute s\u00e9curit\u00e9 dans leur famille, les autorit\u00e9s ont le devoir de leur proposer une affectation, toujours sous la supervision d&rsquo;un tuteur qualifi\u00e9 (Dottridge, 2006).<\/p>\n\n\n\n<p class=\"wp-block-paragraph\">En parall\u00e8le, la pr\u00e9vention doit s&rsquo;\u00e9tendre aux espaces num\u00e9riques. Les groupes criminels organis\u00e9s utilisent de plus en plus les r\u00e9seaux sociaux et les plateformes en ligne pour recruter des mineurs, en exploitant leur besoin de connexion et d&rsquo;appartenance. En dotant les enfants et les adultes qui les entourent d&rsquo;une culture num\u00e9rique, ces programmes permettent de d\u00e9jouer les strat\u00e9gies de recrutement avant qu&rsquo;elles ne prennent racine (De Corte et al., 2018).<\/p>\n\n\n\n<p class=\"wp-block-paragraph\">Enfin, l&rsquo;\u00e9ducation et la formation doivent \u00eatre au c\u0153ur de la r\u00e9insertion. De nombreux enfants perdent des ann\u00e9es de scolarit\u00e9 pendant les p\u00e9riodes d&rsquo;exploitation, ce qui les isole de leurs pairs et les prive des comp\u00e9tences de base. Les cours de rattrapage et les programmes de formation professionnelle les aident non seulement \u00e0 r\u00e9cup\u00e9rer les acquis, mais leur ouvrent \u00e9galement de r\u00e9elles perspectives d&#8217;emploi (Dottridge, 2006).<\/p>\n\n\n\n<figure class=\"wp-block-image size-large\"><img loading=\"lazy\" decoding=\"async\" width=\"1024\" height=\"640\" src=\"https:\/\/www.humanium.org\/fr\/wp-content\/uploads\/2025\/10\/shutterstock_2198093961-1024x640.jpg\" alt=\"\" class=\"wp-image-59057\" srcset=\"https:\/\/www.humanium.org\/fr\/wp-content\/uploads\/2025\/10\/shutterstock_2198093961-1024x640.jpg 1024w, https:\/\/www.humanium.org\/fr\/wp-content\/uploads\/2025\/10\/shutterstock_2198093961-300x188.jpg 300w, https:\/\/www.humanium.org\/fr\/wp-content\/uploads\/2025\/10\/shutterstock_2198093961-768x480.jpg 768w, https:\/\/www.humanium.org\/fr\/wp-content\/uploads\/2025\/10\/shutterstock_2198093961-1536x960.jpg 1536w, https:\/\/www.humanium.org\/fr\/wp-content\/uploads\/2025\/10\/shutterstock_2198093961-2048x1281.jpg 2048w, https:\/\/www.humanium.org\/fr\/wp-content\/uploads\/2025\/10\/shutterstock_2198093961-830x519.jpg 830w, https:\/\/www.humanium.org\/fr\/wp-content\/uploads\/2025\/10\/shutterstock_2198093961-230x144.jpg 230w, https:\/\/www.humanium.org\/fr\/wp-content\/uploads\/2025\/10\/shutterstock_2198093961-350x219.jpg 350w, https:\/\/www.humanium.org\/fr\/wp-content\/uploads\/2025\/10\/shutterstock_2198093961-480x300.jpg 480w\" sizes=\"auto, (max-width: 1024px) 100vw, 1024px\" \/><\/figure>\n\n\n\n<p class=\"wp-block-paragraph\">Le r\u00e9tablissement de leur confiance et de leurs comp\u00e9tences permet aux enfants de construire leur propre vie, lib\u00e9r\u00e9e de l\u2019exploitation. Humanium \u0153uvre pour rendre cela possible, et votre soutien, en parrainant un enfant, en faisant un don ou en devenant b\u00e9n\u00e9vole, aide \u00e0 cr\u00e9er des espaces plus sains o\u00f9 les enfants peuvent grandir avec dignit\u00e9 et espoir.<\/p>\n\n\n\n<p class=\"wp-block-paragraph\"><em><strong>\u00c9crit par Lidija Misic<\/strong><\/em><\/p>\n\n\n\n<p class=\"wp-block-paragraph\"><em><strong>Traduit par Ruthy Gbogbu<\/strong><\/em><\/p>\n\n\n\n<p class=\"wp-block-paragraph\"><em><strong>Relu par Violaine Glatt<\/strong><\/em><\/p>\n\n\n\n<h4 class=\"wp-block-heading\"><strong>Bibliographie<\/strong>:<\/h4>\n\n\n\n<p class=\"has-small-font-size wp-block-paragraph\">Aerts Stijn (2024), Preventing youth recruitment into organised crime. Retrieved from The European Crime Prevention Network (EUCPN) at <a href=\"https:\/\/eucpn.org\/sites\/default\/files\/document\/files\/2502_ENG_PAPER_Youth%20recruitment_LR.pdf\">https:\/\/eucpn.org\/sites\/default\/files\/document\/files\/2502_ENG_PAPER_Youth%20recruitment_LR.pdf<\/a>, accessed on August 24, 2025.<\/p>\n\n\n\n<p class=\"has-small-font-size wp-block-paragraph\">Altun Sukran et al. (2017), Mental health and human trafficking: responding to survivors\u2019 needs. Retrieved from National Library of Medicine at <a href=\"https:\/\/pmc.ncbi.nlm.nih.gov\/articles\/PMC5618827\/\">https:\/\/pmc.ncbi.nlm.nih.gov\/articles\/PMC5618827\/<\/a>, accessed on August 24, 2025.<\/p>\n\n\n\n<p class=\"has-small-font-size wp-block-paragraph\">De Corte Orchana et al. (2018), Youth Internet Safety: Risks and Prevention. Retrieved from European Crime Prevention Network (EUCPN) at <a href=\"https:\/\/eucpn.org\/sites\/default\/files\/document\/files\/thematic_paper_youth_internet_safety_0.pdf?utm_source=chatgpt.com\">https:\/\/eucpn.org\/sites\/default\/files\/document\/files\/thematic_paper_youth_internet_safety_0.pdf?<\/a>, accessed on August 25, 2025.<\/p>\n\n\n\n<p class=\"has-small-font-size wp-block-paragraph\">Dimou Dounia (2025), UNICEF France calls for protecting underage victims of criminal exploitation rather than punishment. Retrieved from Le Monde at <a href=\"https:\/\/www.lemonde.fr\/en\/france\/article\/2025\/07\/30\/unicef-france-calls-for-protecting-underage-victims-of-criminal-exploitation-rather-than-punishment_6743905_7.html\">https:\/\/www.lemonde.fr\/en\/france\/article\/2025\/07\/30\/unicef-france-calls-for-protecting-underage-victims-of-criminal-exploitation-rather-than-punishment_6743905_7.html<\/a>, accessed on August 25, 2025.<\/p>\n\n\n\n<p class=\"has-small-font-size wp-block-paragraph\">Dottridge Mike (2006), Reference Guide on Protecting the Rights of Child Victims of Trafficking in Europe. Retrieved from UNICEF at <a href=\"https:\/\/www.unhcr.org\/sites\/default\/files\/legacy-pdf\/4d9450889.pdf?utm_source=chatgpt.com\">https:\/\/www.unhcr.org\/sites\/default\/files\/legacy-pdf\/4d9450889.pdf?<\/a>, accessed on August 25, 2025.<\/p>\n\n\n\n<p class=\"has-small-font-size wp-block-paragraph\">Pope Henry (2024), Europol Warns of Organized Crime Groups Recruiting Minors. Retrieved from Organized Crime and Corruption Reporting Project (OCCRP) at <a href=\"https:\/\/www.occrp.org\/en\/news\/europol-warns-of-organized-crime-groups-recruiting-minors\">https:\/\/www.occrp.org\/en\/news\/europol-warns-of-organized-crime-groups-recruiting-minors<\/a>, accessed on August 24, 2025.<\/p>\n\n\n\n<p class=\"has-small-font-size wp-block-paragraph\">Townsend Mark (2024), Beaten and tortured: the north African children paying a bloody price for Europe\u2019s insatiable appetite for cocaine. Retrieved from The Guardian at <a href=\"https:\/\/www.theguardian.com\/global-development\/ng-interactive\/2024\/jun\/11\/north-african-children-beaten-tortured-europe-cocaine-gangs\">https:\/\/www.theguardian.com\/global-development\/ng-interactive\/2024\/jun\/11\/north-african-children-beaten-tortured-europe-cocaine-gangs<\/a>, accessed on August 24, 2025.<\/p>\n\n\n\n<p class=\"has-small-font-size wp-block-paragraph\">UN (n.d.), Child trafficking in Belgium claims around hundred victims per year. Retrieved from UN at <a href=\"https:\/\/unric.org\/en\/child-trafficking-in-belgium-a-challenge-to-tackle\/\">https:\/\/unric.org\/en\/child-trafficking-in-belgium-a-challenge-to-tackle\/<\/a>, accessed on August 24, 2025.<\/p>\n\n\n\n<p class=\"has-small-font-size wp-block-paragraph\">UN Office on Drugs and Crime (2024), UNODC and the European Union call for renewed efforts to end child trafficking. Retrieved from UN Office on Drugs and Crime at <a href=\"https:\/\/www.unodc.org\/unodc\/news\/2024\/July\/unodc-and-the-european-union-call-for-renewed-efforts-to-end-child-trafficking.html\">https:\/\/www.unodc.org\/unodc\/news\/2024\/July\/unodc-and-the-european-union-call-for-renewed-efforts-to-end-child-trafficking.html<\/a>, accessed on August 24, 2025.<\/p>\n\n\n\n<p class=\"has-small-font-size wp-block-paragraph\">U.S. Department of State (2024), 2024 Trafficking in Persons Report: Belgium. Retrieved from U.S. Department of State at <a href=\"https:\/\/www.state.gov\/reports\/2024-trafficking-in-persons-report\/belgium\/\">https:\/\/www.state.gov\/reports\/2024-trafficking-in-persons-report\/belgium\/<\/a>, accessed on August 24, 2025.<\/p>\n\n\n\n<p class=\"has-small-font-size wp-block-paragraph\">Van Caudenberg Rut et al. (2015), Assessing the integration of vulnerable migrants in Belgium. Retrieved from Centre for Migration and Intercultural Studies (CeMIS) at <a href=\"https:\/\/repository.uantwerpen.be\/docman\/irua\/09541b\/bb752683.pdf\">https:\/\/repository.uantwerpen.be\/docman\/irua\/09541b\/bb752683.pdf<\/a>, accessed on August 24, 2025.<\/p>\n\n\n\n<p class=\"has-small-font-size wp-block-paragraph\">Verodova Ave Sunrica Gabriel et al. (2023), The Mexico-Belgium Drug Trafficking on the Rise of Criminal: Belgium as the New Drug Capital of Europe. Retrieved from Mandala: Jurnal Ilmu Hubungan Internasional at <a href=\"https:\/\/ejournal.upnvj.ac.id\/JM\/article\/view\/8132\">https:\/\/ejournal.upnvj.ac.id\/JM\/article\/view\/8132<\/a>, accessed on August 24, 2025.<\/p>\n\n\n\n<p class=\"has-small-font-size wp-block-paragraph\">Waterfield Bruno (2025), How teenagers are lured into cocaine trade with designer clothes and bikes. Retrieved from The Sunday Times at <a href=\"https:\/\/www.thetimes.com\/world\/europe\/article\/antwerp-teenagers-cocaine-drug-trade-55nnbnw8t\">https:\/\/www.thetimes.com\/world\/europe\/article\/antwerp-teenagers-cocaine-drug-trade-55nnbnw8t<\/a>, accessed on August 24, 2025.<\/p>\n","protected":false},"excerpt":{"rendered":"<p>Dans les villes de Belgique, et particuli\u00e8rement autour du port d\u2019Anvers, on peut trouver des enfants de treize ans ou moins en train de transporter de la drogue, de monter la garde pour les gangs ou de risquer leurs vies dans les ports la nuit. Une grande partie d\u2019entre eux devrait \u00eatre \u00e0 l\u2019\u00e9cole, pourtant [&hellip;]<\/p>\n","protected":false},"author":69,"featured_media":59059,"comment_status":"closed","ping_status":"closed","sticky":false,"template":"","format":"standard","meta":{"footnotes":""},"categories":[220,4,233,214],"tags":[],"class_list":["post-59056","post","type-post","status-publish","format-standard","has-post-thumbnail","hentry","category-droits-des-enfants","category-droits-humains","category-exploitation","category-violence"],"yoast_head":"<!-- This site is optimized with the Yoast SEO plugin v28.3 - https:\/\/yoast.com\/product\/yoast-seo-wordpress\/ -->\n<title>Comment les enfants mineurs sont recrut\u00e9s dans les r\u00e9seaux de trafics de drogue en Belgique - Humanium<\/title>\n<meta name=\"description\" content=\"Dans toutes les villes belges, on peut voir des enfants \u00e2g\u00e9s d&#039;\u00e0 peine treize ans transporter de la drogue et monter la garde pour des gangs.\" \/>\n<meta name=\"robots\" content=\"index, follow, max-snippet:-1, max-image-preview:large, max-video-preview:-1\" \/>\n<link rel=\"canonical\" href=\"https:\/\/www.humanium.org\/fr\/comment-les-enfants-mineurs-sont-recrutes-dans-les-reseaux-de-trafics-de-drogue-en-belgique\/\" \/>\n<meta property=\"og:locale\" content=\"fr_FR\" \/>\n<meta property=\"og:type\" content=\"article\" \/>\n<meta property=\"og:title\" content=\"Comment les enfants mineurs sont recrut\u00e9s dans les r\u00e9seaux de trafics de drogue en Belgique - Humanium\" \/>\n<meta property=\"og:description\" content=\"Dans toutes les villes belges, on peut voir des enfants \u00e2g\u00e9s d&#039;\u00e0 peine treize ans transporter de la drogue et monter la garde pour des gangs.\" \/>\n<meta property=\"og:url\" content=\"https:\/\/www.humanium.org\/fr\/comment-les-enfants-mineurs-sont-recrutes-dans-les-reseaux-de-trafics-de-drogue-en-belgique\/\" \/>\n<meta property=\"og:site_name\" content=\"Humanium\" \/>\n<meta property=\"article:published_time\" content=\"2025-10-07T18:50:25+00:00\" \/>\n<meta property=\"article:modified_time\" content=\"2026-08-21T03:23:01+00:00\" \/>\n<meta property=\"og:image\" content=\"https:\/\/www.humanium.org\/fr\/wp-content\/uploads\/2025\/10\/shutterstock_2533504191-scaled.jpg\" \/>\n\t<meta property=\"og:image:width\" content=\"2560\" \/>\n\t<meta property=\"og:image:height\" content=\"1920\" \/>\n\t<meta property=\"og:image:type\" content=\"image\/jpeg\" \/>\n<meta name=\"author\" content=\"Humanium\" \/>\n<meta name=\"twitter:card\" content=\"summary_large_image\" \/>\n<meta name=\"twitter:label1\" content=\"\u00c9crit par\" \/>\n\t<meta name=\"twitter:data1\" content=\"Humanium\" \/>\n\t<meta name=\"twitter:label2\" content=\"Dur\u00e9e de lecture estim\u00e9e\" \/>\n\t<meta name=\"twitter:data2\" content=\"12 minutes\" \/>\n<script type=\"application\/ld+json\" class=\"yoast-schema-graph\">{\"@context\":\"https:\\\/\\\/schema.org\",\"@graph\":[{\"@type\":\"Article\",\"@id\":\"https:\\\/\\\/www.humanium.org\\\/fr\\\/comment-les-enfants-mineurs-sont-recrutes-dans-les-reseaux-de-trafics-de-drogue-en-belgique\\\/#article\",\"isPartOf\":{\"@id\":\"https:\\\/\\\/www.humanium.org\\\/fr\\\/comment-les-enfants-mineurs-sont-recrutes-dans-les-reseaux-de-trafics-de-drogue-en-belgique\\\/\"},\"author\":{\"name\":\"Humanium\",\"@id\":\"https:\\\/\\\/www.humanium.org\\\/fr\\\/#\\\/schema\\\/person\\\/d798d6c7d59ba2307e0877f61a20ce3e\"},\"headline\":\"Comment les enfants mineurs sont recrut\u00e9s dans les r\u00e9seaux de trafics de drogue en Belgique\",\"datePublished\":\"2025-10-07T18:50:25+00:00\",\"dateModified\":\"2026-08-21T03:23:01+00:00\",\"mainEntityOfPage\":{\"@id\":\"https:\\\/\\\/www.humanium.org\\\/fr\\\/comment-les-enfants-mineurs-sont-recrutes-dans-les-reseaux-de-trafics-de-drogue-en-belgique\\\/\"},\"wordCount\":2540,\"image\":{\"@id\":\"https:\\\/\\\/www.humanium.org\\\/fr\\\/comment-les-enfants-mineurs-sont-recrutes-dans-les-reseaux-de-trafics-de-drogue-en-belgique\\\/#primaryimage\"},\"thumbnailUrl\":\"https:\\\/\\\/www.humanium.org\\\/fr\\\/wp-content\\\/uploads\\\/2025\\\/10\\\/shutterstock_2533504191-scaled.jpg\",\"articleSection\":[\"Droits des enfants\",\"Droits humains\",\"Exploitation\",\"violence\"],\"inLanguage\":\"fr-FR\"},{\"@type\":\"WebPage\",\"@id\":\"https:\\\/\\\/www.humanium.org\\\/fr\\\/comment-les-enfants-mineurs-sont-recrutes-dans-les-reseaux-de-trafics-de-drogue-en-belgique\\\/\",\"url\":\"https:\\\/\\\/www.humanium.org\\\/fr\\\/comment-les-enfants-mineurs-sont-recrutes-dans-les-reseaux-de-trafics-de-drogue-en-belgique\\\/\",\"name\":\"Comment les enfants mineurs sont recrut\u00e9s dans les r\u00e9seaux de trafics de drogue en Belgique - Humanium\",\"isPartOf\":{\"@id\":\"https:\\\/\\\/www.humanium.org\\\/fr\\\/#website\"},\"primaryImageOfPage\":{\"@id\":\"https:\\\/\\\/www.humanium.org\\\/fr\\\/comment-les-enfants-mineurs-sont-recrutes-dans-les-reseaux-de-trafics-de-drogue-en-belgique\\\/#primaryimage\"},\"image\":{\"@id\":\"https:\\\/\\\/www.humanium.org\\\/fr\\\/comment-les-enfants-mineurs-sont-recrutes-dans-les-reseaux-de-trafics-de-drogue-en-belgique\\\/#primaryimage\"},\"thumbnailUrl\":\"https:\\\/\\\/www.humanium.org\\\/fr\\\/wp-content\\\/uploads\\\/2025\\\/10\\\/shutterstock_2533504191-scaled.jpg\",\"datePublished\":\"2025-10-07T18:50:25+00:00\",\"dateModified\":\"2026-08-21T03:23:01+00:00\",\"author\":{\"@id\":\"https:\\\/\\\/www.humanium.org\\\/fr\\\/#\\\/schema\\\/person\\\/d798d6c7d59ba2307e0877f61a20ce3e\"},\"description\":\"Dans toutes les villes belges, on peut voir des enfants \u00e2g\u00e9s d'\u00e0 peine treize ans transporter de la drogue et monter la garde pour des gangs.\",\"breadcrumb\":{\"@id\":\"https:\\\/\\\/www.humanium.org\\\/fr\\\/comment-les-enfants-mineurs-sont-recrutes-dans-les-reseaux-de-trafics-de-drogue-en-belgique\\\/#breadcrumb\"},\"inLanguage\":\"fr-FR\",\"potentialAction\":[{\"@type\":\"ReadAction\",\"target\":[\"https:\\\/\\\/www.humanium.org\\\/fr\\\/comment-les-enfants-mineurs-sont-recrutes-dans-les-reseaux-de-trafics-de-drogue-en-belgique\\\/\"]}]},{\"@type\":\"ImageObject\",\"inLanguage\":\"fr-FR\",\"@id\":\"https:\\\/\\\/www.humanium.org\\\/fr\\\/comment-les-enfants-mineurs-sont-recrutes-dans-les-reseaux-de-trafics-de-drogue-en-belgique\\\/#primaryimage\",\"url\":\"https:\\\/\\\/www.humanium.org\\\/fr\\\/wp-content\\\/uploads\\\/2025\\\/10\\\/shutterstock_2533504191-scaled.jpg\",\"contentUrl\":\"https:\\\/\\\/www.humanium.org\\\/fr\\\/wp-content\\\/uploads\\\/2025\\\/10\\\/shutterstock_2533504191-scaled.jpg\",\"width\":2560,\"height\":1920},{\"@type\":\"BreadcrumbList\",\"@id\":\"https:\\\/\\\/www.humanium.org\\\/fr\\\/comment-les-enfants-mineurs-sont-recrutes-dans-les-reseaux-de-trafics-de-drogue-en-belgique\\\/#breadcrumb\",\"itemListElement\":[{\"@type\":\"ListItem\",\"position\":1,\"name\":\"Home\",\"item\":\"https:\\\/\\\/www.humanium.org\\\/fr\\\/\"},{\"@type\":\"ListItem\",\"position\":2,\"name\":\"Comment les enfants mineurs sont recrut\u00e9s dans les r\u00e9seaux de trafics de drogue en Belgique\"}]},{\"@type\":\"WebSite\",\"@id\":\"https:\\\/\\\/www.humanium.org\\\/fr\\\/#website\",\"url\":\"https:\\\/\\\/www.humanium.org\\\/fr\\\/\",\"name\":\"Humanium\",\"description\":\"Les enfants d\u2019abord !\",\"potentialAction\":[{\"@type\":\"SearchAction\",\"target\":{\"@type\":\"EntryPoint\",\"urlTemplate\":\"https:\\\/\\\/www.humanium.org\\\/fr\\\/?s={search_term_string}\"},\"query-input\":{\"@type\":\"PropertyValueSpecification\",\"valueRequired\":true,\"valueName\":\"search_term_string\"}}],\"inLanguage\":\"fr-FR\"},{\"@type\":\"Person\",\"@id\":\"https:\\\/\\\/www.humanium.org\\\/fr\\\/#\\\/schema\\\/person\\\/d798d6c7d59ba2307e0877f61a20ce3e\",\"name\":\"Humanium\",\"image\":{\"@type\":\"ImageObject\",\"inLanguage\":\"fr-FR\",\"@id\":\"https:\\\/\\\/secure.gravatar.com\\\/avatar\\\/22715e338d2fcc547e3a431c4738360d33fea2a4af458f865b2c3b22f1eaa51f?s=96&d=mm&r=g\",\"url\":\"https:\\\/\\\/secure.gravatar.com\\\/avatar\\\/22715e338d2fcc547e3a431c4738360d33fea2a4af458f865b2c3b22f1eaa51f?s=96&d=mm&r=g\",\"contentUrl\":\"https:\\\/\\\/secure.gravatar.com\\\/avatar\\\/22715e338d2fcc547e3a431c4738360d33fea2a4af458f865b2c3b22f1eaa51f?s=96&d=mm&r=g\",\"caption\":\"Humanium\"},\"url\":\"https:\\\/\\\/www.humanium.org\\\/fr\\\/author\\\/humanium\\\/\"}]}<\/script>\n<!-- \/ Yoast SEO plugin. -->","yoast_head_json":{"title":"Comment les enfants mineurs sont recrut\u00e9s dans les r\u00e9seaux de trafics de drogue en Belgique - Humanium","description":"Dans toutes les villes belges, on peut voir des enfants \u00e2g\u00e9s d'\u00e0 peine treize ans transporter de la drogue et monter la garde pour des gangs.","robots":{"index":"index","follow":"follow","max-snippet":"max-snippet:-1","max-image-preview":"max-image-preview:large","max-video-preview":"max-video-preview:-1"},"canonical":"https:\/\/www.humanium.org\/fr\/comment-les-enfants-mineurs-sont-recrutes-dans-les-reseaux-de-trafics-de-drogue-en-belgique\/","og_locale":"fr_FR","og_type":"article","og_title":"Comment les enfants mineurs sont recrut\u00e9s dans les r\u00e9seaux de trafics de drogue en Belgique - Humanium","og_description":"Dans toutes les villes belges, on peut voir des enfants \u00e2g\u00e9s d'\u00e0 peine treize ans transporter de la drogue et monter la garde pour des gangs.","og_url":"https:\/\/www.humanium.org\/fr\/comment-les-enfants-mineurs-sont-recrutes-dans-les-reseaux-de-trafics-de-drogue-en-belgique\/","og_site_name":"Humanium","article_published_time":"2025-10-07T18:50:25+00:00","article_modified_time":"2026-08-21T03:23:01+00:00","og_image":[{"width":2560,"height":1920,"url":"https:\/\/www.humanium.org\/fr\/wp-content\/uploads\/2025\/10\/shutterstock_2533504191-scaled.jpg","type":"image\/jpeg"}],"author":"Humanium","twitter_card":"summary_large_image","twitter_misc":{"\u00c9crit par":"Humanium","Dur\u00e9e de lecture estim\u00e9e":"12 minutes"},"schema":{"@context":"https:\/\/schema.org","@graph":[{"@type":"Article","@id":"https:\/\/www.humanium.org\/fr\/comment-les-enfants-mineurs-sont-recrutes-dans-les-reseaux-de-trafics-de-drogue-en-belgique\/#article","isPartOf":{"@id":"https:\/\/www.humanium.org\/fr\/comment-les-enfants-mineurs-sont-recrutes-dans-les-reseaux-de-trafics-de-drogue-en-belgique\/"},"author":{"name":"Humanium","@id":"https:\/\/www.humanium.org\/fr\/#\/schema\/person\/d798d6c7d59ba2307e0877f61a20ce3e"},"headline":"Comment les enfants mineurs sont recrut\u00e9s dans les r\u00e9seaux de trafics de drogue en Belgique","datePublished":"2025-10-07T18:50:25+00:00","dateModified":"2026-08-21T03:23:01+00:00","mainEntityOfPage":{"@id":"https:\/\/www.humanium.org\/fr\/comment-les-enfants-mineurs-sont-recrutes-dans-les-reseaux-de-trafics-de-drogue-en-belgique\/"},"wordCount":2540,"image":{"@id":"https:\/\/www.humanium.org\/fr\/comment-les-enfants-mineurs-sont-recrutes-dans-les-reseaux-de-trafics-de-drogue-en-belgique\/#primaryimage"},"thumbnailUrl":"https:\/\/www.humanium.org\/fr\/wp-content\/uploads\/2025\/10\/shutterstock_2533504191-scaled.jpg","articleSection":["Droits des enfants","Droits humains","Exploitation","violence"],"inLanguage":"fr-FR"},{"@type":"WebPage","@id":"https:\/\/www.humanium.org\/fr\/comment-les-enfants-mineurs-sont-recrutes-dans-les-reseaux-de-trafics-de-drogue-en-belgique\/","url":"https:\/\/www.humanium.org\/fr\/comment-les-enfants-mineurs-sont-recrutes-dans-les-reseaux-de-trafics-de-drogue-en-belgique\/","name":"Comment les enfants mineurs sont recrut\u00e9s dans les r\u00e9seaux de trafics de drogue en Belgique - Humanium","isPartOf":{"@id":"https:\/\/www.humanium.org\/fr\/#website"},"primaryImageOfPage":{"@id":"https:\/\/www.humanium.org\/fr\/comment-les-enfants-mineurs-sont-recrutes-dans-les-reseaux-de-trafics-de-drogue-en-belgique\/#primaryimage"},"image":{"@id":"https:\/\/www.humanium.org\/fr\/comment-les-enfants-mineurs-sont-recrutes-dans-les-reseaux-de-trafics-de-drogue-en-belgique\/#primaryimage"},"thumbnailUrl":"https:\/\/www.humanium.org\/fr\/wp-content\/uploads\/2025\/10\/shutterstock_2533504191-scaled.jpg","datePublished":"2025-10-07T18:50:25+00:00","dateModified":"2026-08-21T03:23:01+00:00","author":{"@id":"https:\/\/www.humanium.org\/fr\/#\/schema\/person\/d798d6c7d59ba2307e0877f61a20ce3e"},"description":"Dans toutes les villes belges, on peut voir des enfants \u00e2g\u00e9s d'\u00e0 peine treize ans transporter de la drogue et monter la garde pour des gangs.","breadcrumb":{"@id":"https:\/\/www.humanium.org\/fr\/comment-les-enfants-mineurs-sont-recrutes-dans-les-reseaux-de-trafics-de-drogue-en-belgique\/#breadcrumb"},"inLanguage":"fr-FR","potentialAction":[{"@type":"ReadAction","target":["https:\/\/www.humanium.org\/fr\/comment-les-enfants-mineurs-sont-recrutes-dans-les-reseaux-de-trafics-de-drogue-en-belgique\/"]}]},{"@type":"ImageObject","inLanguage":"fr-FR","@id":"https:\/\/www.humanium.org\/fr\/comment-les-enfants-mineurs-sont-recrutes-dans-les-reseaux-de-trafics-de-drogue-en-belgique\/#primaryimage","url":"https:\/\/www.humanium.org\/fr\/wp-content\/uploads\/2025\/10\/shutterstock_2533504191-scaled.jpg","contentUrl":"https:\/\/www.humanium.org\/fr\/wp-content\/uploads\/2025\/10\/shutterstock_2533504191-scaled.jpg","width":2560,"height":1920},{"@type":"BreadcrumbList","@id":"https:\/\/www.humanium.org\/fr\/comment-les-enfants-mineurs-sont-recrutes-dans-les-reseaux-de-trafics-de-drogue-en-belgique\/#breadcrumb","itemListElement":[{"@type":"ListItem","position":1,"name":"Home","item":"https:\/\/www.humanium.org\/fr\/"},{"@type":"ListItem","position":2,"name":"Comment les enfants mineurs sont recrut\u00e9s dans les r\u00e9seaux de trafics de drogue en Belgique"}]},{"@type":"WebSite","@id":"https:\/\/www.humanium.org\/fr\/#website","url":"https:\/\/www.humanium.org\/fr\/","name":"Humanium","description":"Les enfants d\u2019abord !","potentialAction":[{"@type":"SearchAction","target":{"@type":"EntryPoint","urlTemplate":"https:\/\/www.humanium.org\/fr\/?s={search_term_string}"},"query-input":{"@type":"PropertyValueSpecification","valueRequired":true,"valueName":"search_term_string"}}],"inLanguage":"fr-FR"},{"@type":"Person","@id":"https:\/\/www.humanium.org\/fr\/#\/schema\/person\/d798d6c7d59ba2307e0877f61a20ce3e","name":"Humanium","image":{"@type":"ImageObject","inLanguage":"fr-FR","@id":"https:\/\/secure.gravatar.com\/avatar\/22715e338d2fcc547e3a431c4738360d33fea2a4af458f865b2c3b22f1eaa51f?s=96&d=mm&r=g","url":"https:\/\/secure.gravatar.com\/avatar\/22715e338d2fcc547e3a431c4738360d33fea2a4af458f865b2c3b22f1eaa51f?s=96&d=mm&r=g","contentUrl":"https:\/\/secure.gravatar.com\/avatar\/22715e338d2fcc547e3a431c4738360d33fea2a4af458f865b2c3b22f1eaa51f?s=96&d=mm&r=g","caption":"Humanium"},"url":"https:\/\/www.humanium.org\/fr\/author\/humanium\/"}]}},"_links":{"self":[{"href":"https:\/\/www.humanium.org\/fr\/wp-json\/wp\/v2\/posts\/59056","targetHints":{"allow":["GET"]}}],"collection":[{"href":"https:\/\/www.humanium.org\/fr\/wp-json\/wp\/v2\/posts"}],"about":[{"href":"https:\/\/www.humanium.org\/fr\/wp-json\/wp\/v2\/types\/post"}],"author":[{"embeddable":true,"href":"https:\/\/www.humanium.org\/fr\/wp-json\/wp\/v2\/users\/69"}],"replies":[{"embeddable":true,"href":"https:\/\/www.humanium.org\/fr\/wp-json\/wp\/v2\/comments?post=59056"}],"version-history":[{"count":7,"href":"https:\/\/www.humanium.org\/fr\/wp-json\/wp\/v2\/posts\/59056\/revisions"}],"predecessor-version":[{"id":62832,"href":"https:\/\/www.humanium.org\/fr\/wp-json\/wp\/v2\/posts\/59056\/revisions\/62832"}],"wp:featuredmedia":[{"embeddable":true,"href":"https:\/\/www.humanium.org\/fr\/wp-json\/wp\/v2\/media\/59059"}],"wp:attachment":[{"href":"https:\/\/www.humanium.org\/fr\/wp-json\/wp\/v2\/media?parent=59056"}],"wp:term":[{"taxonomy":"category","embeddable":true,"href":"https:\/\/www.humanium.org\/fr\/wp-json\/wp\/v2\/categories?post=59056"},{"taxonomy":"post_tag","embeddable":true,"href":"https:\/\/www.humanium.org\/fr\/wp-json\/wp\/v2\/tags?post=59056"}],"curies":[{"name":"wp","href":"https:\/\/api.w.org\/{rel}","templated":true}]}}