{"id":61490,"date":"2025-12-17T06:00:00","date_gmt":"2025-12-17T06:00:00","guid":{"rendered":"https:\/\/www.humanium.org\/fr\/?p=61490"},"modified":"2026-08-21T03:23:16","modified_gmt":"2026-08-21T03:23:16","slug":"comment-la-pauvrete-et-la-segregation-conduisent-a-linegalite-educative-en-bulgarie","status":"publish","type":"post","link":"https:\/\/www.humanium.org\/fr\/comment-la-pauvrete-et-la-segregation-conduisent-a-linegalite-educative-en-bulgarie\/","title":{"rendered":"Comment la pauvret\u00e9 et la s\u00e9gr\u00e9gation conduisent \u00e0 l&rsquo;in\u00e9galit\u00e9 \u00e9ducative en Bulgarie"},"content":{"rendered":"\n<p class=\"wp-block-paragraph\"><strong>Le syst\u00e8me \u00e9ducatif bulgare n&rsquo;offre pas les m\u00eames chances \u00e0 tous les enfants. Beaucoup d\u2019entre eux quittent l&rsquo;\u00e9cole avant d&rsquo;avoir termin\u00e9 leur scolarit\u00e9, et certains ne s&rsquo;inscrivent m\u00eame pas \u00e0 l&rsquo;\u00e9cole. La pauvret\u00e9, l&rsquo;acc\u00e8s limit\u00e9 \u00e0 <\/strong><a href=\"https:\/\/www.humanium.org\/fr\/le-developpement-de-la-petite-enfance-la-fondation-pour-une-societe-durable-et-prospere\/\"><strong>l&rsquo;enseignement pr\u00e9scolaire<\/strong><\/a><strong> et les difficult\u00e9s linguistiques touchent un grand nombre d&rsquo;enfants roms et <\/strong><a href=\"https:\/\/www.humanium.org\/fr\/turquie\/\"><strong>turcophones<\/strong><\/a><strong>. Une fois \u00e0 l&rsquo;\u00e9cole, la s\u00e9paration avec leurs camarades bulgares et les conditions d&rsquo;apprentissage in\u00e9gales creusent encore davantage les \u00e9carts en mati\u00e8re de r\u00e9sultats scolaires.<\/strong><\/p>\n\n\n\n<h2 class=\"wp-block-heading\"><strong>Comment les enfants apprennent et progressent \u00e0 l&rsquo;\u00e9cole en Bulgarie<\/strong><\/h2>\n\n\n\n<p class=\"wp-block-paragraph\">La Bulgarie dispose d&rsquo;un syst\u00e8me \u00e9ducatif centralis\u00e9, ce qui signifie que presque toutes les d\u00e9cisions sont prises par le minist\u00e8re de l&rsquo;\u00c9ducation et des Sciences. Le minist\u00e8re d\u00e9finit le programme scolaire national, approuve les manuels scolaires et recrute les directeurs r\u00e9gionaux de l&rsquo;\u00e9ducation. Chacune des 28 r\u00e9gions du pays dispose d&rsquo;un bureau r\u00e9gional qui supervise les \u00e9coles, et chaque municipalit\u00e9 dispose d&rsquo;un d\u00e9partement de l&rsquo;\u00e9ducation qui aide \u00e0 g\u00e9rer les jardins d&rsquo;enfants (Mavrodieva, 2023).<\/p>\n\n\n\n<p class=\"wp-block-paragraph\">En Bulgarie, la scolarit\u00e9 est obligatoire de 7 \u00e0 16 ans, mais les enfants peuvent commencer \u00e0 6 ans s&rsquo;ils remplissent les conditions requises pour \u00eatre pr\u00eats \u00e0 entrer \u00e0 l&rsquo;\u00e9cole. L&rsquo;enseignement est organis\u00e9 en plusieurs \u00e9tapes. La maternelle est destin\u00e9e aux enfants \u00e2g\u00e9s de 3 \u00e0 6 ans, et la scolarit\u00e9 pr\u00e9scolaire obligatoire commence \u00e0 l&rsquo;\u00e2ge de 5 ans (Commission europ\u00e9enne, s.d.). <\/p>\n\n\n\n<p class=\"wp-block-paragraph\">L&rsquo;enseignement primaire comprend les classes du CP au CM1, suivies du premier cycle du secondaire. Apr\u00e8s avoir termin\u00e9 la terminale et r\u00e9ussi les examens nationaux, les \u00e9l\u00e8ves peuvent entrer \u00e0 l&rsquo;universit\u00e9, o\u00f9 les programmes de licence durent g\u00e9n\u00e9ralement quatre ans.<\/p>\n\n\n\n<p class=\"wp-block-paragraph\">La Bulgarie utilise un programme scolaire national, ce qui signifie que tous les \u00e9l\u00e8ves \u00e9tudient les m\u00eames mati\u00e8res et suivent les m\u00eames normes d&rsquo;apprentissage. \u00c0 la fin du CM1, de la 5eme et de la Terminale, les \u00e9l\u00e8ves passent des \u00e9valuations nationales qui mesurent ce qu&rsquo;ils ont appris. Ces examens jouent \u00e9galement un r\u00f4le important dans l&rsquo;admission dans les lyc\u00e9es sp\u00e9cialis\u00e9s et les universit\u00e9s (Mavrodieva, 2023).<\/p>\n\n\n\n<p class=\"wp-block-paragraph\">Bien que le syst\u00e8me \u00e9ducatif bulgare soit bien structur\u00e9, tous les enfants n&rsquo;en b\u00e9n\u00e9ficient pas de la m\u00eame mani\u00e8re. Les enfants roms, de nombreux enfants turcophones et certains enfants issus de familles bulgares \u00e0 faibles revenus grandissent souvent dans des conditions qui rendent plus difficile leur pleine participation \u00e0 l&rsquo;\u00e9ducation.<\/p>\n\n\n\n<h2 class=\"wp-block-heading\"><strong>Pourquoi les enfants bulgares quittent-ils l&rsquo;\u00e9cole pr\u00e9matur\u00e9ment ?<\/strong><\/h2>\n\n\n\n<p class=\"wp-block-paragraph\">La <a href=\"https:\/\/www.humanium.org\/fr\/pauvrete\/\">pauvret\u00e9<\/a> est l&rsquo;un des principaux facteurs \u00e0 l&rsquo;origine du d\u00e9crochage scolaire. La Bulgarie affiche le taux de pauvret\u00e9 infantile le plus \u00e9lev\u00e9 de l&rsquo;Union europ\u00e9enne, avec 35,1 % des enfants expos\u00e9s au risque de pauvret\u00e9 ou d&rsquo;exclusion sociale (Eurostat, 2025). Les enfants qui grandissent dans des foyers \u00e0 faibles revenus sont souvent priv\u00e9s d&rsquo;\u00e9ducation pr\u00e9scolaire, connaissent davantage d&rsquo;interruptions dans leur scolarit\u00e9 et obtiennent des r\u00e9sultats scolaires moins bons, ce qui augmente le risque qu&rsquo;ils quittent l&rsquo;\u00e9cole avant d&rsquo;avoir termin\u00e9 leur cursus.<\/p>\n\n\n\n<p class=\"wp-block-paragraph\">Les barri\u00e8res linguistiques constituent une autre raison importante. En septembre 2025, le ministre de l&rsquo;\u00c9ducation a d\u00e9clar\u00e9 que la ma\u00eetrise insuffisante de la langue bulgare \u00e9tait l&rsquo;une des principales causes des difficult\u00e9s d&rsquo;apprentissage et du d\u00e9crochage scolaire. De nombreux <a href=\"https:\/\/www.humanium.org\/fr\/la-discrimination-des-enfants-roms-dans-leducation\/\">enfants roms<\/a> et issus de familles turcophones entrent en premi\u00e8re ann\u00e9e sans conna\u00eetre suffisamment le bulgare (Pavlov, 2025).<\/p>\n\n\n\n<p class=\"wp-block-paragraph\">Comme beaucoup d&rsquo;enfants roms et turcophones commencent l&rsquo;\u00e9cole sans conna\u00eetre le bulgare, ils progressent souvent lentement au cours des premi\u00e8res ann\u00e9es. Lorsque cette difficult\u00e9 s&rsquo;ajoute \u00e0 une scolarisation tardive ou \u00e0 une assiduit\u00e9 irr\u00e9guli\u00e8re, certains enfants n&rsquo;acqui\u00e8rent pas les comp\u00e9tences de base en lecture et en \u00e9criture. Selon l&rsquo;OCDE, environ 12 % des Roms et 3 % des Turcs \u00e2g\u00e9s de plus de 8 ans sont incapables de lire ou d&rsquo;\u00e9crire, contre 0,5 % parmi les Bulgares de souche (OCDE, 2025).<\/p>\n\n\n\n<p class=\"wp-block-paragraph\">Ces difficult\u00e9s linguistiques ne commencent pas en premi\u00e8re ann\u00e9e, mais bien plus t\u00f4t. De nombreux enfants roms ne fr\u00e9quentent jamais l&rsquo;\u00e9cole maternelle, et cette ann\u00e9e ou ces deux ann\u00e9es manqu\u00e9es se font sentir plus tard. <\/p>\n\n\n\n<p class=\"wp-block-paragraph\">En 2021, seuls 58 % des enfants roms \u00e9taient inscrits \u00e0 l&rsquo;\u00e9cole maternelle, alors que le taux national \u00e9tait sup\u00e9rieur \u00e0 80 %. Au fur et \u00e0 mesure que les enfants progressent dans leur scolarit\u00e9, l&rsquo;\u00e9cart entre les groupes devient plus \u00e9vident. De nombreux \u00e9l\u00e8ves roms et turcophones quittent l&rsquo;\u00e9cole avant les derni\u00e8res ann\u00e9es, et seule une petite partie d&rsquo;entre eux poursuivent leurs \u00e9tudes. Environ 16 % des \u00e9l\u00e8ves roms terminent leurs \u00e9tudes secondaires sup\u00e9rieures. <\/p>\n\n\n\n<p class=\"wp-block-paragraph\">Pour les \u00e9l\u00e8ves turcs, ce chiffre est de 43 %. Parmi les \u00e9l\u00e8ves d&rsquo;origine bulgare, il est de 53 %. Au niveau universitaire, les chiffres sont encore plus \u00e9loign\u00e9s. Seuls 1 % des jeunes Roms et 11 % des jeunes Turcs obtiennent un dipl\u00f4me, contre 34 % des Bulgares de souche.<\/p>\n\n\n\n<h2 class=\"wp-block-heading\"><strong>Comment la s\u00e9gr\u00e9gation scolaire en Bulgarie prive les enfants roms d&rsquo;une \u00e9ducation \u00e9quitable<\/strong><\/h2>\n\n\n\n<p class=\"wp-block-paragraph\">Seuls 64 % des enfants roms ont fr\u00e9quent\u00e9 l&rsquo;\u00e9cole maternelle, contre 94 % des <a href=\"https:\/\/www.humanium.org\/fr\/bulgarie\/\">enfants bulgares<\/a>. Dans de nombreux quartiers, il n&rsquo;y a pas assez de places en maternelle et les familles ne peuvent pas obtenir de place m\u00eame lorsqu&rsquo;elles souhaitent inscrire leurs enfants. En cons\u00e9quence, de nombreux enfants roms entrent \u00e0 l&rsquo;\u00e9cole sans conna\u00eetre la langue bulgare et avec des retards de d\u00e9veloppement li\u00e9s \u00e0 l&rsquo;absence d&rsquo;\u00e9ducation pr\u00e9scolaire (Dzhambazova, n.d.).<\/p>\n\n\n\n<figure class=\"wp-block-image size-large\"><img loading=\"lazy\" decoding=\"async\" width=\"1024\" height=\"683\" src=\"https:\/\/www.humanium.org\/fr\/wp-content\/uploads\/2025\/12\/shutterstock_1725635512-1024x683.jpg\" alt=\"\" class=\"wp-image-61491\" srcset=\"https:\/\/www.humanium.org\/fr\/wp-content\/uploads\/2025\/12\/shutterstock_1725635512-1024x683.jpg 1024w, https:\/\/www.humanium.org\/fr\/wp-content\/uploads\/2025\/12\/shutterstock_1725635512-300x200.jpg 300w, https:\/\/www.humanium.org\/fr\/wp-content\/uploads\/2025\/12\/shutterstock_1725635512-768x512.jpg 768w, https:\/\/www.humanium.org\/fr\/wp-content\/uploads\/2025\/12\/shutterstock_1725635512-1536x1024.jpg 1536w, https:\/\/www.humanium.org\/fr\/wp-content\/uploads\/2025\/12\/shutterstock_1725635512-2048x1365.jpg 2048w, https:\/\/www.humanium.org\/fr\/wp-content\/uploads\/2025\/12\/shutterstock_1725635512-830x553.jpg 830w, https:\/\/www.humanium.org\/fr\/wp-content\/uploads\/2025\/12\/shutterstock_1725635512-230x153.jpg 230w, https:\/\/www.humanium.org\/fr\/wp-content\/uploads\/2025\/12\/shutterstock_1725635512-350x233.jpg 350w, https:\/\/www.humanium.org\/fr\/wp-content\/uploads\/2025\/12\/shutterstock_1725635512-480x320.jpg 480w, https:\/\/www.humanium.org\/fr\/wp-content\/uploads\/2025\/12\/shutterstock_1725635512-272x182.jpg 272w\" sizes=\"auto, (max-width: 1024px) 100vw, 1024px\" \/><\/figure>\n\n\n\n<p class=\"wp-block-paragraph\">La pauvret\u00e9 contribue \u00e0 ces d\u00e9savantages pr\u00e9coces. Les familles roms font partie des communaut\u00e9s les plus pauvres d&rsquo;Europe: 86 % d&rsquo;entre elles sont expos\u00e9es au risque de pauvret\u00e9, contre 22 % de la population g\u00e9n\u00e9rale en Bulgarie. De nombreuses familles n&rsquo;ont pas les moyens d&rsquo;acheter des v\u00eatements, de la nourriture ou des moyens de transport pour leurs enfants, ce qui signifie que m\u00eame lorsqu&rsquo;il existe des places en maternelle, elles peuvent ne pas \u00eatre en mesure d&rsquo;y inscrire leur enfant (Dzhambazova, s.d.).<\/p>\n\n\n\n<p class=\"wp-block-paragraph\">Ces difficult\u00e9s pr\u00e9coces persistent une fois que les enfants entrent dans le syst\u00e8me scolaire. Plus de 60 % des enfants roms en Bulgarie fr\u00e9quentent des \u00e9coles s\u00e9gr\u00e9gu\u00e9es, s\u00e9par\u00e9es de la plupart des enfants bulgares. La proportion d&rsquo;\u00e9l\u00e8ves roms dans les \u00e9coles mixtes a presque diminu\u00e9 de moiti\u00e9 ces derni\u00e8res ann\u00e9es, de sorte que pr\u00e8s de la moiti\u00e9 des enfants roms \u00e9tudient d\u00e9sormais dans des \u00e9coles o\u00f9 les roms sont majoritaires (Atanasova, s.d.).<\/p>\n\n\n\n<p class=\"wp-block-paragraph\">La composition scolaire influence l&rsquo;apprentissage. Dans les classes int\u00e9gr\u00e9es, les \u00e9l\u00e8ves b\u00e9n\u00e9ficient de l&rsquo;effet de leurs pairs : ils apprennent aupr\u00e8s de camarades plus performants, d\u00e9veloppent une motivation plus forte et b\u00e9n\u00e9ficient d&rsquo;un environnement d&rsquo;apprentissage plus favorable. Des \u00e9tudes montrent que les \u00e9l\u00e8ves d\u00e9favoris\u00e9s et issus de <a href=\"https:\/\/www.humanium.org\/fr\/enfants-des-minorites\/\">minorit\u00e9s<\/a> obtiennent les meilleurs r\u00e9sultats scolaires dans les \u00e9coles mixtes.<\/p>\n\n\n\n<p class=\"wp-block-paragraph\">Dans les \u00e9coles s\u00e9gr\u00e9gu\u00e9es, ces avantages sont limit\u00e9s. Lorsque la plupart des \u00e9l\u00e8ves partagent des d\u00e9savantages similaires, les effets positifs des pairs sont plus faibles, les attentes sont moins \u00e9lev\u00e9es et l&rsquo;acc\u00e8s \u00e0 un enseignement de qualit\u00e9 et \u00e0 des opportunit\u00e9s diminue. Cela contribue \u00e0 la baisse des r\u00e9sultats scolaires et \u00e0 l&rsquo;augmentation du taux d&rsquo;abandon scolaire chez les \u00e9l\u00e8ves roms (Farkas et al., n.d.).<\/p>\n\n\n\n<h2 class=\"wp-block-heading\"><strong>Ce que r\u00e9v\u00e8le le programme PISA sur l&rsquo;\u00e9ducation en Bulgarie<\/strong><\/h2>\n\n\n\n<p class=\"wp-block-paragraph\">Les r\u00e9sultats scolaires en Bulgarie ont r\u00e9guli\u00e8rement baiss\u00e9 au cours de la derni\u00e8re d\u00e9cennie. Dans le cadre du programme PISA 2022 (Programme international pour le suivi des acquis des \u00e9l\u00e8ves, une grande \u00e9tude internationale men\u00e9e par l&rsquo;OCDE), les \u00e9l\u00e8ves bulgares ont enregistr\u00e9 certains de leurs r\u00e9sultats les plus faibles depuis 2006. Plus de la moiti\u00e9 des \u00e9l\u00e8ves \u00e2g\u00e9s de 15 ans n&rsquo;ont pas atteint le niveau de comp\u00e9tence de base en math\u00e9matiques, en lecture ou en sciences (Avvisati &amp; Ilizaliturri, 2023).<\/p>\n\n\n\n<p class=\"wp-block-paragraph\">Le milieu familial continue d&rsquo;influencer le <a href=\"https:\/\/www.humanium.org\/fr\/comprendre-droits-enfant\/droit-a-l-education\/\">parcours scolaire des enfants<\/a>. Les \u00e9l\u00e8ves issus de milieux socio-\u00e9conomiques favoris\u00e9s ont obtenu 108 points de plus que leurs camarades d\u00e9favoris\u00e9s en math\u00e9matiques, un \u00e9cart bien sup\u00e9rieur \u00e0 la moyenne de l&rsquo;OCDE (Avvisati &amp; Ilizaliturri, 2023).<\/p>\n\n\n\n<p class=\"wp-block-paragraph\">Le statut socio-\u00e9conomique explique 17 % de la variation des r\u00e9sultats en math\u00e9matiques, ce qui souligne \u00e0 quel point la pauvret\u00e9 influence les r\u00e9sultats scolaires. Seuls 7 % des \u00e9l\u00e8ves d\u00e9favoris\u00e9s ont obtenu des r\u00e9sultats les classant parmi les meilleurs du pays (Avvisati &amp; Ilizaliturri, 2023).<\/p>\n\n\n\n<p class=\"wp-block-paragraph\">Les conditions dans de nombreuses \u00e9coles rendent l&rsquo;apprentissage difficile pour les enfants. Les \u00e9l\u00e8ves des \u00e9coles tr\u00e8s pauvres, en particulier, signalent de fr\u00e9quentes perturbations pendant les cours. 41 % d&rsquo;entre eux ont d\u00e9clar\u00e9 ne pas pouvoir bien travailler dans la plupart des classes, et pr\u00e8s de la moiti\u00e9 ont \u00e9t\u00e9 <a href=\"https:\/\/www.humanium.org\/fr\/les-ecrans-perturbent-ils-la-capacite-dattention-des-enfants-comprendre-limpact-du-temps-passe-devant-un-ecran-sur-le-developpement-de-lenfant\/\">distraits par des appareils num\u00e9riques<\/a>. Les taux de mauvaise discipline en classe sont syst\u00e9matiquement sup\u00e9rieurs \u00e0 la moyenne de l&rsquo;OCDE et nuisent \u00e0 la capacit\u00e9 des enfants \u00e0 se concentrer et \u00e0 progresser (Avvisati &amp; Ilizaliturri, 2023).<\/p>\n\n\n\n<h2 class=\"wp-block-heading\"><strong>Ce que la Bulgarie peut faire pour garantir l&rsquo;\u00e9galit\u00e9 d&rsquo;acc\u00e8s \u00e0 l&rsquo;\u00e9ducation pour tous les enfants<\/strong><\/h2>\n\n\n\n<p class=\"wp-block-paragraph\">Ces derni\u00e8res ann\u00e9es, la Bulgarie s&rsquo;est attaqu\u00e9e \u00e0 la s\u00e9gr\u00e9gation et s&rsquo;est efforc\u00e9e d&rsquo;am\u00e9liorer l&rsquo;inclusion. L&rsquo;\u00e9tude cartographique r\u00e9alis\u00e9e en 2022 par le Conseil de l&rsquo;Europe souligne que la fermeture d&rsquo;anciennes \u00e9coles s\u00e9gr\u00e9gu\u00e9es et l&rsquo;int\u00e9gration des \u00e9l\u00e8ves roms dans les \u00e9coles ordinaires ont permis de r\u00e9duire le nombre d&rsquo;\u00e9tablissements totalement s\u00e9gr\u00e9gu\u00e9s. La reconnaissance pr\u00e9coce par le gouvernement de la s\u00e9gr\u00e9gation comme un probl\u00e8me national a jet\u00e9 les bases de politiques visant \u00e0 am\u00e9liorer l&rsquo;acc\u00e8s \u00e0 une \u00e9ducation de qualit\u00e9 (Farkas et al., n.d.).<\/p>\n\n\n\n<p class=\"wp-block-paragraph\">Dans le cadre de la Strat\u00e9gie nationale de la R\u00e9publique de Bulgarie pour l&rsquo;\u00e9galit\u00e9, l&rsquo;inclusion et la participation des Roms (2021-2030), le gouvernement d\u00e9finit des mesures sp\u00e9cifiques pour garantir l&rsquo;\u00e9galit\u00e9 d&rsquo;acc\u00e8s \u00e0 l&rsquo;\u00e9ducation pour tous les enfants. Cette strat\u00e9gie pr\u00e9voit d&rsquo;\u00e9largir l&rsquo;acc\u00e8s \u00e0 l&rsquo;\u00e9ducation de la petite enfance et \u00e0 l&rsquo;enseignement pr\u00e9scolaire, de poursuivre le m\u00e9canisme national d&rsquo;identification et de r\u00e9int\u00e9gration des enfants ayant abandonn\u00e9 l&rsquo;\u00e9cole, et d&rsquo;offrir un soutien cibl\u00e9 en bulgare \u00e0 ceux qui ne ma\u00eetrisent pas bien cette langue (gouvernement bulgare, 2021).<\/p>\n\n\n\n<p class=\"wp-block-paragraph\">Cependant, en 2025, les donn\u00e9es montrent que ces mesures ne sont pas suffisantes. La s\u00e9gr\u00e9gation reste tr\u00e8s r\u00e9pandue, la pauvret\u00e9 continue de limiter les opportunit\u00e9s des enfants et les barri\u00e8res linguistiques emp\u00eachent encore de nombreux \u00e9l\u00e8ves roms et turcophones d&rsquo;acqu\u00e9rir des comp\u00e9tences de base. Des donn\u00e9es r\u00e9centes pour la p\u00e9riode 2023-2025 confirment que les enfants d\u00e9favoris\u00e9s et issus de minorit\u00e9s continuent d&rsquo;afficher certains des r\u00e9sultats scolaires les plus faibles de l&rsquo;UE.<\/p>\n\n\n\n<p class=\"wp-block-paragraph\">Pour r\u00e9aliser des progr\u00e8s durables, la Bulgarie doit \u00e9largir l&rsquo;acc\u00e8s \u00e0 l&rsquo;\u00e9ducation de la petite enfance, en particulier dans les endroits o\u00f9 les services font d\u00e9faut ou sont surcharg\u00e9s, et continuer \u00e0 investir dans de nouveaux centres et de meilleures installations. Le pays doit \u00e9galement fournir un soutien linguistique et p\u00e9dagogique coh\u00e9rent aux jeunes enfants issus de milieux divers, y compris ceux qui parlent une autre langue \u00e0 la maison (OCDE, 2025).<\/p>\n\n\n\n<p class=\"wp-block-paragraph\">L&rsquo;am\u00e9lioration de la qualit\u00e9 de l&rsquo;\u00e9ducation de la petite enfance est une autre priorit\u00e9, qui passe par une meilleure formation du personnel, un accompagnement plus important et un soutien accru aux cr\u00e8ches et aux jardins d&rsquo;enfants qui accueillent des enfants vuln\u00e9rables. La Bulgarie doit \u00e9galement aider le personnel des structures d\u2019\u00e9ducation et l&rsquo;accueil des jeunes enfants (EAJE) et travailler plus \u00e9troitement avec les familles en am\u00e9liorant la communication et en instaurant la confiance, en particulier dans les communaut\u00e9s qui se sentent exclues.<\/p>\n\n\n\n<p class=\"wp-block-paragraph\">Enfin, une meilleure coop\u00e9ration entre les services de sant\u00e9, d&rsquo;\u00e9ducation et sociaux, ainsi qu&rsquo;un financement plus intelligent et une coordination nationale plus forte, contribueront \u00e0 garantir que tous les enfants puissent b\u00e9n\u00e9ficier d&rsquo;une \u00e9ducation de la petite enfance de haute qualit\u00e9 (OCDE, 2025).<\/p>\n\n\n\n<figure class=\"wp-block-image size-large\"><img loading=\"lazy\" decoding=\"async\" width=\"1024\" height=\"684\" src=\"https:\/\/www.humanium.org\/fr\/wp-content\/uploads\/2025\/12\/shutterstock_1884621061-1024x684.jpg\" alt=\"\" class=\"wp-image-61492\" srcset=\"https:\/\/www.humanium.org\/fr\/wp-content\/uploads\/2025\/12\/shutterstock_1884621061-1024x684.jpg 1024w, https:\/\/www.humanium.org\/fr\/wp-content\/uploads\/2025\/12\/shutterstock_1884621061-300x200.jpg 300w, https:\/\/www.humanium.org\/fr\/wp-content\/uploads\/2025\/12\/shutterstock_1884621061-768x513.jpg 768w, https:\/\/www.humanium.org\/fr\/wp-content\/uploads\/2025\/12\/shutterstock_1884621061-1536x1025.jpg 1536w, https:\/\/www.humanium.org\/fr\/wp-content\/uploads\/2025\/12\/shutterstock_1884621061-2048x1367.jpg 2048w, https:\/\/www.humanium.org\/fr\/wp-content\/uploads\/2025\/12\/shutterstock_1884621061-830x554.jpg 830w, https:\/\/www.humanium.org\/fr\/wp-content\/uploads\/2025\/12\/shutterstock_1884621061-230x154.jpg 230w, https:\/\/www.humanium.org\/fr\/wp-content\/uploads\/2025\/12\/shutterstock_1884621061-350x234.jpg 350w, https:\/\/www.humanium.org\/fr\/wp-content\/uploads\/2025\/12\/shutterstock_1884621061-480x320.jpg 480w, https:\/\/www.humanium.org\/fr\/wp-content\/uploads\/2025\/12\/shutterstock_1884621061-272x182.jpg 272w\" sizes=\"auto, (max-width: 1024px) 100vw, 1024px\" \/><\/figure>\n\n\n\n<p class=\"wp-block-paragraph\">Humanium soutient les enfants bulgares dont le droit \u00e0 l&rsquo;\u00e9ducation est menac\u00e9 par la pauvret\u00e9, la s\u00e9gr\u00e9gation et les obstacles syst\u00e9miques. En soutenant Humanium, que ce soit en vous informant sur le volontariat, en parrainant un enfant ou en faisant un don, vous contribuez \u00e0 renforcer notre action mondiale pour prot\u00e9ger les droits des enfants et promouvoir l&rsquo;\u00e9galit\u00e9 d&rsquo;acc\u00e8s \u00e0 l&rsquo;\u00e9ducation.<\/p>\n\n\n\n<p class=\"wp-block-paragraph\"><em><strong>\u00c9crit par Lidija Misic<\/strong><\/em><\/p>\n\n\n\n<p class=\"wp-block-paragraph\"><em><strong>Traduit par Adrian Ordinana Salvador<\/strong><\/em><\/p>\n\n\n\n<p class=\"wp-block-paragraph\"><em><strong>Relu par Aditi Partha<\/strong><\/em><\/p>\n\n\n\n<h4 class=\"wp-block-heading\"><strong>Bibliographie :<\/strong><\/h4>\n\n\n\n<p class=\"has-small-font-size wp-block-paragraph\">Atanasova M. (n.d.), The case of Roma women in Bulgaria. Retrieved from GFOD at https:\/\/globalforumcdwd.org\/wp-content\/uploads\/2025\/06\/Bulgaria-GFoD-report-CDWD-Roma-2025.pdf, accessed on November 15, 2025.<\/p>\n\n\n\n<p class=\"has-small-font-size wp-block-paragraph\">Avvisati F. &amp; Ilizaliturri R. (2023), The PISA 2022 Bulgaria Factsheet. Retrieved from OECD at https:\/\/www.oecd.org\/content\/dam\/oecd\/en\/publications\/reports\/2023\/11\/pisa-2022-results-volume-i-and-ii-country-notes_2fca04b9\/bulgaria_2070d435\/29d65f4b-en.pdf, accessed on November 15, 2025.<\/p>\n\n\n\n<p class=\"has-small-font-size wp-block-paragraph\">Bulgarian Government (2021), National Strategy of the Republic of Bulgaria for Equality, Inclusion and Participation of the Roma (2021\u20132030). Retrieved from European Commission at https:\/\/commission.europa.eu\/system\/files\/2021-12\/national_strategy-_english_google.docx.pdf, accessed on November 16, 2025.<\/p>\n\n\n\n<p class=\"has-small-font-size wp-block-paragraph\">Dzhambazova B. (n.d.), Europe\u2019s forgotten children. Retrieved from Politico at https:\/\/www.politico.eu\/article\/europe-forgotten-children-roma-community-bulgaria-school\/, accessed on November 15, 2025.<\/p>\n\n\n\n<p class=\"has-small-font-size wp-block-paragraph\">European Commission (n.d.), Bulgaria: Organisation and governance. Retrieved from European Commission at https:\/\/eurydice.eacea.ec.europa.eu\/eurypedia\/bulgaria\/organisation-education-system-and-its-structure, accessed on November 16, 2025.<\/p>\n\n\n\n<p class=\"has-small-font-size wp-block-paragraph\">Eurostat (2025), 24% of EU children at poverty risk or social exclusion. Retrieved from Eurostat at https:\/\/ec.europa.eu\/eurostat\/web\/products-eurostat-news\/w\/ddn-20250528-1, accessed on November 15, 2025.<\/p>\n\n\n\n<p class=\"has-small-font-size wp-block-paragraph\">Farkas L. et al. (n.d.), School segregation of Roma communities: Trends and pathways towards educational inclusion. Retrieved from Council of Europe at https:\/\/rm.coe.int\/mapping-study-trends-and-pathways-towards-educational-inclusion\/1680b1d13b, accessed on November 15, 2025.<\/p>\n\n\n\n<p class=\"has-small-font-size wp-block-paragraph\">Mavrodieva M. (2023), Bulgaria. Retrieved from TIMSS &amp; PIRLS International Study Center at https:\/\/timss2023.org\/wp-content\/uploads\/2024\/10\/Bulgaria.pdf, accessed on November 16, 2025.<\/p>\n\n\n\n<p class=\"has-small-font-size wp-block-paragraph\">OECD (2025), Bulgaria. Retrieved from OECD at https:\/\/www.oecd.org\/content\/dam\/oecd\/en\/publications\/support-materials\/2025\/01\/reducing-inequalities-by-investing-in-early-childhood-education-and-care_a0fd3f31\/Bulgaria%20Country%20Note%20PDFO.pdf, accessed on November 16, 2025.<\/p>\n\n\n\n<p class=\"has-small-font-size wp-block-paragraph\">OECD (2025), Education and Skills in Bulgaria. Retrieved from OECD at https:\/\/www.oecd.org\/en\/publications\/education-and-skills-in-bulgaria_ac0229da-en\/full-report\/education-and-skills-in-bulgaria-unlocking-inclusive-economic-and-social-development_d541a6ce.html, accessed on November 15, 2025.<\/p>\n\n\n\n<p class=\"has-small-font-size wp-block-paragraph\">Pavlov F. (2025), Main Reason for Student Dropouts is Lack of Bulgarian Language Skills, Education Minister Says. Retrieved from BTA at https:\/\/www.bta.bg\/en\/news\/bulgaria\/967303, accessed on November 15, 2025.<\/p>\n\n\n\n<p class=\"has-small-font-size wp-block-paragraph\">The Rroma Foundation (2024), Bulgaria, Schools, and Roma. Retrieved from The Rroma Foundation at https:\/\/rroma.org\/bulgaria-schools-and-roma-2\/, accessed on November 15, 2025.<\/p>\n\n\n\n<p class=\"has-small-font-size wp-block-paragraph\">UNICEF (2023), Poor educational outcomes, dropping out of school, increasing incidences of violence and lack of basic knowledge and skills are among the main challenges facing students in Bulgaria. Retrieved from UNICEF at https:\/\/www.unicef.org\/bulgaria\/en\/press-releases\/poor-educational-outcomes-dropping-out-school-increasing-incidences-violence-and, accessed on November 15, 2025.<\/p>\n","protected":false},"excerpt":{"rendered":"<p>Le syst\u00e8me \u00e9ducatif bulgare n&rsquo;offre pas les m\u00eames chances \u00e0 tous les enfants. Beaucoup d\u2019entre eux quittent l&rsquo;\u00e9cole avant d&rsquo;avoir termin\u00e9 leur scolarit\u00e9, et certains ne s&rsquo;inscrivent m\u00eame pas \u00e0 l&rsquo;\u00e9cole. La pauvret\u00e9, l&rsquo;acc\u00e8s limit\u00e9 \u00e0 l&rsquo;enseignement pr\u00e9scolaire et les difficult\u00e9s linguistiques touchent un grand nombre d&rsquo;enfants roms et turcophones. Une fois \u00e0 l&rsquo;\u00e9cole, la [&hellip;]<\/p>\n","protected":false},"author":69,"featured_media":61493,"comment_status":"closed","ping_status":"closed","sticky":false,"template":"","format":"standard","meta":{"footnotes":""},"categories":[220,5,231,1],"tags":[],"class_list":["post-61490","post","type-post","status-publish","format-standard","has-post-thumbnail","hentry","category-droits-des-enfants","category-education","category-pauvrete","category-uncategorized"],"yoast_head":"<!-- This site is optimized with the Yoast SEO plugin v28.3 - https:\/\/yoast.com\/product\/yoast-seo-wordpress\/ -->\n<title>Comment la pauvret\u00e9 et la s\u00e9gr\u00e9gation conduisent \u00e0 l&#039;in\u00e9galit\u00e9 \u00e9ducative en Bulgarie - Humanium<\/title>\n<meta name=\"description\" content=\"En Bulgarie, de nombreux enfants quittent l&#039;\u00e9cole avant d&#039;avoir termin\u00e9 leur scolarit\u00e9, et certains ne s&#039;inscrivent m\u00eame pas.\" \/>\n<meta name=\"robots\" content=\"index, follow, max-snippet:-1, max-image-preview:large, max-video-preview:-1\" \/>\n<link rel=\"canonical\" href=\"https:\/\/www.humanium.org\/fr\/comment-la-pauvrete-et-la-segregation-conduisent-a-linegalite-educative-en-bulgarie\/\" \/>\n<meta property=\"og:locale\" content=\"fr_FR\" \/>\n<meta property=\"og:type\" content=\"article\" \/>\n<meta property=\"og:title\" content=\"Comment la pauvret\u00e9 et la s\u00e9gr\u00e9gation conduisent \u00e0 l&#039;in\u00e9galit\u00e9 \u00e9ducative en Bulgarie - Humanium\" \/>\n<meta property=\"og:description\" content=\"En Bulgarie, de nombreux enfants quittent l&#039;\u00e9cole avant d&#039;avoir termin\u00e9 leur scolarit\u00e9, et certains ne s&#039;inscrivent m\u00eame pas.\" \/>\n<meta property=\"og:url\" content=\"https:\/\/www.humanium.org\/fr\/comment-la-pauvrete-et-la-segregation-conduisent-a-linegalite-educative-en-bulgarie\/\" \/>\n<meta property=\"og:site_name\" content=\"Humanium\" \/>\n<meta property=\"article:published_time\" content=\"2025-12-17T06:00:00+00:00\" \/>\n<meta property=\"article:modified_time\" content=\"2026-08-21T03:23:16+00:00\" \/>\n<meta property=\"og:image\" content=\"https:\/\/www.humanium.org\/fr\/wp-content\/uploads\/2025\/12\/shutterstock_1061424680-scaled.jpg\" \/>\n\t<meta property=\"og:image:width\" content=\"2560\" \/>\n\t<meta property=\"og:image:height\" content=\"1707\" \/>\n\t<meta property=\"og:image:type\" content=\"image\/jpeg\" \/>\n<meta name=\"author\" content=\"Humanium\" \/>\n<meta name=\"twitter:card\" content=\"summary_large_image\" \/>\n<meta name=\"twitter:label1\" content=\"\u00c9crit par\" \/>\n\t<meta name=\"twitter:data1\" content=\"Humanium\" \/>\n\t<meta name=\"twitter:label2\" content=\"Dur\u00e9e de lecture estim\u00e9e\" \/>\n\t<meta name=\"twitter:data2\" content=\"12 minutes\" \/>\n<script type=\"application\/ld+json\" class=\"yoast-schema-graph\">{\"@context\":\"https:\\\/\\\/schema.org\",\"@graph\":[{\"@type\":\"Article\",\"@id\":\"https:\\\/\\\/www.humanium.org\\\/fr\\\/comment-la-pauvrete-et-la-segregation-conduisent-a-linegalite-educative-en-bulgarie\\\/#article\",\"isPartOf\":{\"@id\":\"https:\\\/\\\/www.humanium.org\\\/fr\\\/comment-la-pauvrete-et-la-segregation-conduisent-a-linegalite-educative-en-bulgarie\\\/\"},\"author\":{\"name\":\"Humanium\",\"@id\":\"https:\\\/\\\/www.humanium.org\\\/fr\\\/#\\\/schema\\\/person\\\/d798d6c7d59ba2307e0877f61a20ce3e\"},\"headline\":\"Comment la pauvret\u00e9 et la s\u00e9gr\u00e9gation conduisent \u00e0 l&rsquo;in\u00e9galit\u00e9 \u00e9ducative en Bulgarie\",\"datePublished\":\"2025-12-17T06:00:00+00:00\",\"dateModified\":\"2026-08-21T03:23:16+00:00\",\"mainEntityOfPage\":{\"@id\":\"https:\\\/\\\/www.humanium.org\\\/fr\\\/comment-la-pauvrete-et-la-segregation-conduisent-a-linegalite-educative-en-bulgarie\\\/\"},\"wordCount\":2495,\"image\":{\"@id\":\"https:\\\/\\\/www.humanium.org\\\/fr\\\/comment-la-pauvrete-et-la-segregation-conduisent-a-linegalite-educative-en-bulgarie\\\/#primaryimage\"},\"thumbnailUrl\":\"https:\\\/\\\/www.humanium.org\\\/fr\\\/wp-content\\\/uploads\\\/2025\\\/12\\\/shutterstock_1061424680-scaled.jpg\",\"articleSection\":[\"Droits des enfants\",\"Education\",\"Pauvret\u00e9\",\"Uncategorized\"],\"inLanguage\":\"fr-FR\"},{\"@type\":\"WebPage\",\"@id\":\"https:\\\/\\\/www.humanium.org\\\/fr\\\/comment-la-pauvrete-et-la-segregation-conduisent-a-linegalite-educative-en-bulgarie\\\/\",\"url\":\"https:\\\/\\\/www.humanium.org\\\/fr\\\/comment-la-pauvrete-et-la-segregation-conduisent-a-linegalite-educative-en-bulgarie\\\/\",\"name\":\"Comment la pauvret\u00e9 et la s\u00e9gr\u00e9gation conduisent \u00e0 l'in\u00e9galit\u00e9 \u00e9ducative en Bulgarie - Humanium\",\"isPartOf\":{\"@id\":\"https:\\\/\\\/www.humanium.org\\\/fr\\\/#website\"},\"primaryImageOfPage\":{\"@id\":\"https:\\\/\\\/www.humanium.org\\\/fr\\\/comment-la-pauvrete-et-la-segregation-conduisent-a-linegalite-educative-en-bulgarie\\\/#primaryimage\"},\"image\":{\"@id\":\"https:\\\/\\\/www.humanium.org\\\/fr\\\/comment-la-pauvrete-et-la-segregation-conduisent-a-linegalite-educative-en-bulgarie\\\/#primaryimage\"},\"thumbnailUrl\":\"https:\\\/\\\/www.humanium.org\\\/fr\\\/wp-content\\\/uploads\\\/2025\\\/12\\\/shutterstock_1061424680-scaled.jpg\",\"datePublished\":\"2025-12-17T06:00:00+00:00\",\"dateModified\":\"2026-08-21T03:23:16+00:00\",\"author\":{\"@id\":\"https:\\\/\\\/www.humanium.org\\\/fr\\\/#\\\/schema\\\/person\\\/d798d6c7d59ba2307e0877f61a20ce3e\"},\"description\":\"En Bulgarie, de nombreux enfants quittent l'\u00e9cole avant d'avoir termin\u00e9 leur scolarit\u00e9, et certains ne s'inscrivent m\u00eame pas.\",\"breadcrumb\":{\"@id\":\"https:\\\/\\\/www.humanium.org\\\/fr\\\/comment-la-pauvrete-et-la-segregation-conduisent-a-linegalite-educative-en-bulgarie\\\/#breadcrumb\"},\"inLanguage\":\"fr-FR\",\"potentialAction\":[{\"@type\":\"ReadAction\",\"target\":[\"https:\\\/\\\/www.humanium.org\\\/fr\\\/comment-la-pauvrete-et-la-segregation-conduisent-a-linegalite-educative-en-bulgarie\\\/\"]}]},{\"@type\":\"ImageObject\",\"inLanguage\":\"fr-FR\",\"@id\":\"https:\\\/\\\/www.humanium.org\\\/fr\\\/comment-la-pauvrete-et-la-segregation-conduisent-a-linegalite-educative-en-bulgarie\\\/#primaryimage\",\"url\":\"https:\\\/\\\/www.humanium.org\\\/fr\\\/wp-content\\\/uploads\\\/2025\\\/12\\\/shutterstock_1061424680-scaled.jpg\",\"contentUrl\":\"https:\\\/\\\/www.humanium.org\\\/fr\\\/wp-content\\\/uploads\\\/2025\\\/12\\\/shutterstock_1061424680-scaled.jpg\",\"width\":2560,\"height\":1707},{\"@type\":\"BreadcrumbList\",\"@id\":\"https:\\\/\\\/www.humanium.org\\\/fr\\\/comment-la-pauvrete-et-la-segregation-conduisent-a-linegalite-educative-en-bulgarie\\\/#breadcrumb\",\"itemListElement\":[{\"@type\":\"ListItem\",\"position\":1,\"name\":\"Home\",\"item\":\"https:\\\/\\\/www.humanium.org\\\/fr\\\/\"},{\"@type\":\"ListItem\",\"position\":2,\"name\":\"Comment la pauvret\u00e9 et la s\u00e9gr\u00e9gation conduisent \u00e0 l&rsquo;in\u00e9galit\u00e9 \u00e9ducative en Bulgarie\"}]},{\"@type\":\"WebSite\",\"@id\":\"https:\\\/\\\/www.humanium.org\\\/fr\\\/#website\",\"url\":\"https:\\\/\\\/www.humanium.org\\\/fr\\\/\",\"name\":\"Humanium\",\"description\":\"Les enfants d\u2019abord !\",\"potentialAction\":[{\"@type\":\"SearchAction\",\"target\":{\"@type\":\"EntryPoint\",\"urlTemplate\":\"https:\\\/\\\/www.humanium.org\\\/fr\\\/?s={search_term_string}\"},\"query-input\":{\"@type\":\"PropertyValueSpecification\",\"valueRequired\":true,\"valueName\":\"search_term_string\"}}],\"inLanguage\":\"fr-FR\"},{\"@type\":\"Person\",\"@id\":\"https:\\\/\\\/www.humanium.org\\\/fr\\\/#\\\/schema\\\/person\\\/d798d6c7d59ba2307e0877f61a20ce3e\",\"name\":\"Humanium\",\"image\":{\"@type\":\"ImageObject\",\"inLanguage\":\"fr-FR\",\"@id\":\"https:\\\/\\\/secure.gravatar.com\\\/avatar\\\/22715e338d2fcc547e3a431c4738360d33fea2a4af458f865b2c3b22f1eaa51f?s=96&d=mm&r=g\",\"url\":\"https:\\\/\\\/secure.gravatar.com\\\/avatar\\\/22715e338d2fcc547e3a431c4738360d33fea2a4af458f865b2c3b22f1eaa51f?s=96&d=mm&r=g\",\"contentUrl\":\"https:\\\/\\\/secure.gravatar.com\\\/avatar\\\/22715e338d2fcc547e3a431c4738360d33fea2a4af458f865b2c3b22f1eaa51f?s=96&d=mm&r=g\",\"caption\":\"Humanium\"},\"url\":\"https:\\\/\\\/www.humanium.org\\\/fr\\\/author\\\/humanium\\\/\"}]}<\/script>\n<!-- \/ Yoast SEO plugin. -->","yoast_head_json":{"title":"Comment la pauvret\u00e9 et la s\u00e9gr\u00e9gation conduisent \u00e0 l'in\u00e9galit\u00e9 \u00e9ducative en Bulgarie - Humanium","description":"En Bulgarie, de nombreux enfants quittent l'\u00e9cole avant d'avoir termin\u00e9 leur scolarit\u00e9, et certains ne s'inscrivent m\u00eame pas.","robots":{"index":"index","follow":"follow","max-snippet":"max-snippet:-1","max-image-preview":"max-image-preview:large","max-video-preview":"max-video-preview:-1"},"canonical":"https:\/\/www.humanium.org\/fr\/comment-la-pauvrete-et-la-segregation-conduisent-a-linegalite-educative-en-bulgarie\/","og_locale":"fr_FR","og_type":"article","og_title":"Comment la pauvret\u00e9 et la s\u00e9gr\u00e9gation conduisent \u00e0 l'in\u00e9galit\u00e9 \u00e9ducative en Bulgarie - Humanium","og_description":"En Bulgarie, de nombreux enfants quittent l'\u00e9cole avant d'avoir termin\u00e9 leur scolarit\u00e9, et certains ne s'inscrivent m\u00eame pas.","og_url":"https:\/\/www.humanium.org\/fr\/comment-la-pauvrete-et-la-segregation-conduisent-a-linegalite-educative-en-bulgarie\/","og_site_name":"Humanium","article_published_time":"2025-12-17T06:00:00+00:00","article_modified_time":"2026-08-21T03:23:16+00:00","og_image":[{"width":2560,"height":1707,"url":"https:\/\/www.humanium.org\/fr\/wp-content\/uploads\/2025\/12\/shutterstock_1061424680-scaled.jpg","type":"image\/jpeg"}],"author":"Humanium","twitter_card":"summary_large_image","twitter_misc":{"\u00c9crit par":"Humanium","Dur\u00e9e de lecture estim\u00e9e":"12 minutes"},"schema":{"@context":"https:\/\/schema.org","@graph":[{"@type":"Article","@id":"https:\/\/www.humanium.org\/fr\/comment-la-pauvrete-et-la-segregation-conduisent-a-linegalite-educative-en-bulgarie\/#article","isPartOf":{"@id":"https:\/\/www.humanium.org\/fr\/comment-la-pauvrete-et-la-segregation-conduisent-a-linegalite-educative-en-bulgarie\/"},"author":{"name":"Humanium","@id":"https:\/\/www.humanium.org\/fr\/#\/schema\/person\/d798d6c7d59ba2307e0877f61a20ce3e"},"headline":"Comment la pauvret\u00e9 et la s\u00e9gr\u00e9gation conduisent \u00e0 l&rsquo;in\u00e9galit\u00e9 \u00e9ducative en Bulgarie","datePublished":"2025-12-17T06:00:00+00:00","dateModified":"2026-08-21T03:23:16+00:00","mainEntityOfPage":{"@id":"https:\/\/www.humanium.org\/fr\/comment-la-pauvrete-et-la-segregation-conduisent-a-linegalite-educative-en-bulgarie\/"},"wordCount":2495,"image":{"@id":"https:\/\/www.humanium.org\/fr\/comment-la-pauvrete-et-la-segregation-conduisent-a-linegalite-educative-en-bulgarie\/#primaryimage"},"thumbnailUrl":"https:\/\/www.humanium.org\/fr\/wp-content\/uploads\/2025\/12\/shutterstock_1061424680-scaled.jpg","articleSection":["Droits des enfants","Education","Pauvret\u00e9","Uncategorized"],"inLanguage":"fr-FR"},{"@type":"WebPage","@id":"https:\/\/www.humanium.org\/fr\/comment-la-pauvrete-et-la-segregation-conduisent-a-linegalite-educative-en-bulgarie\/","url":"https:\/\/www.humanium.org\/fr\/comment-la-pauvrete-et-la-segregation-conduisent-a-linegalite-educative-en-bulgarie\/","name":"Comment la pauvret\u00e9 et la s\u00e9gr\u00e9gation conduisent \u00e0 l'in\u00e9galit\u00e9 \u00e9ducative en Bulgarie - Humanium","isPartOf":{"@id":"https:\/\/www.humanium.org\/fr\/#website"},"primaryImageOfPage":{"@id":"https:\/\/www.humanium.org\/fr\/comment-la-pauvrete-et-la-segregation-conduisent-a-linegalite-educative-en-bulgarie\/#primaryimage"},"image":{"@id":"https:\/\/www.humanium.org\/fr\/comment-la-pauvrete-et-la-segregation-conduisent-a-linegalite-educative-en-bulgarie\/#primaryimage"},"thumbnailUrl":"https:\/\/www.humanium.org\/fr\/wp-content\/uploads\/2025\/12\/shutterstock_1061424680-scaled.jpg","datePublished":"2025-12-17T06:00:00+00:00","dateModified":"2026-08-21T03:23:16+00:00","author":{"@id":"https:\/\/www.humanium.org\/fr\/#\/schema\/person\/d798d6c7d59ba2307e0877f61a20ce3e"},"description":"En Bulgarie, de nombreux enfants quittent l'\u00e9cole avant d'avoir termin\u00e9 leur scolarit\u00e9, et certains ne s'inscrivent m\u00eame pas.","breadcrumb":{"@id":"https:\/\/www.humanium.org\/fr\/comment-la-pauvrete-et-la-segregation-conduisent-a-linegalite-educative-en-bulgarie\/#breadcrumb"},"inLanguage":"fr-FR","potentialAction":[{"@type":"ReadAction","target":["https:\/\/www.humanium.org\/fr\/comment-la-pauvrete-et-la-segregation-conduisent-a-linegalite-educative-en-bulgarie\/"]}]},{"@type":"ImageObject","inLanguage":"fr-FR","@id":"https:\/\/www.humanium.org\/fr\/comment-la-pauvrete-et-la-segregation-conduisent-a-linegalite-educative-en-bulgarie\/#primaryimage","url":"https:\/\/www.humanium.org\/fr\/wp-content\/uploads\/2025\/12\/shutterstock_1061424680-scaled.jpg","contentUrl":"https:\/\/www.humanium.org\/fr\/wp-content\/uploads\/2025\/12\/shutterstock_1061424680-scaled.jpg","width":2560,"height":1707},{"@type":"BreadcrumbList","@id":"https:\/\/www.humanium.org\/fr\/comment-la-pauvrete-et-la-segregation-conduisent-a-linegalite-educative-en-bulgarie\/#breadcrumb","itemListElement":[{"@type":"ListItem","position":1,"name":"Home","item":"https:\/\/www.humanium.org\/fr\/"},{"@type":"ListItem","position":2,"name":"Comment la pauvret\u00e9 et la s\u00e9gr\u00e9gation conduisent \u00e0 l&rsquo;in\u00e9galit\u00e9 \u00e9ducative en Bulgarie"}]},{"@type":"WebSite","@id":"https:\/\/www.humanium.org\/fr\/#website","url":"https:\/\/www.humanium.org\/fr\/","name":"Humanium","description":"Les enfants d\u2019abord !","potentialAction":[{"@type":"SearchAction","target":{"@type":"EntryPoint","urlTemplate":"https:\/\/www.humanium.org\/fr\/?s={search_term_string}"},"query-input":{"@type":"PropertyValueSpecification","valueRequired":true,"valueName":"search_term_string"}}],"inLanguage":"fr-FR"},{"@type":"Person","@id":"https:\/\/www.humanium.org\/fr\/#\/schema\/person\/d798d6c7d59ba2307e0877f61a20ce3e","name":"Humanium","image":{"@type":"ImageObject","inLanguage":"fr-FR","@id":"https:\/\/secure.gravatar.com\/avatar\/22715e338d2fcc547e3a431c4738360d33fea2a4af458f865b2c3b22f1eaa51f?s=96&d=mm&r=g","url":"https:\/\/secure.gravatar.com\/avatar\/22715e338d2fcc547e3a431c4738360d33fea2a4af458f865b2c3b22f1eaa51f?s=96&d=mm&r=g","contentUrl":"https:\/\/secure.gravatar.com\/avatar\/22715e338d2fcc547e3a431c4738360d33fea2a4af458f865b2c3b22f1eaa51f?s=96&d=mm&r=g","caption":"Humanium"},"url":"https:\/\/www.humanium.org\/fr\/author\/humanium\/"}]}},"_links":{"self":[{"href":"https:\/\/www.humanium.org\/fr\/wp-json\/wp\/v2\/posts\/61490","targetHints":{"allow":["GET"]}}],"collection":[{"href":"https:\/\/www.humanium.org\/fr\/wp-json\/wp\/v2\/posts"}],"about":[{"href":"https:\/\/www.humanium.org\/fr\/wp-json\/wp\/v2\/types\/post"}],"author":[{"embeddable":true,"href":"https:\/\/www.humanium.org\/fr\/wp-json\/wp\/v2\/users\/69"}],"replies":[{"embeddable":true,"href":"https:\/\/www.humanium.org\/fr\/wp-json\/wp\/v2\/comments?post=61490"}],"version-history":[{"count":6,"href":"https:\/\/www.humanium.org\/fr\/wp-json\/wp\/v2\/posts\/61490\/revisions"}],"predecessor-version":[{"id":62845,"href":"https:\/\/www.humanium.org\/fr\/wp-json\/wp\/v2\/posts\/61490\/revisions\/62845"}],"wp:featuredmedia":[{"embeddable":true,"href":"https:\/\/www.humanium.org\/fr\/wp-json\/wp\/v2\/media\/61493"}],"wp:attachment":[{"href":"https:\/\/www.humanium.org\/fr\/wp-json\/wp\/v2\/media?parent=61490"}],"wp:term":[{"taxonomy":"category","embeddable":true,"href":"https:\/\/www.humanium.org\/fr\/wp-json\/wp\/v2\/categories?post=61490"},{"taxonomy":"post_tag","embeddable":true,"href":"https:\/\/www.humanium.org\/fr\/wp-json\/wp\/v2\/tags?post=61490"}],"curies":[{"name":"wp","href":"https:\/\/api.w.org\/{rel}","templated":true}]}}